{"id":115702,"date":"2021-04-27T13:49:30","date_gmt":"2021-04-27T17:49:30","guid":{"rendered":"https:\/\/linitiative.ca\/International\/tebboune-met-fin-aux-fonctions-du-ministre-de-la-poste-et-des-telecommunications\/"},"modified":"2021-04-27T13:49:30","modified_gmt":"2021-04-27T17:49:30","slug":"tebboune-met-fin-aux-fonctions-du-ministre-de-la-poste-et-des-telecommunications","status":"publish","type":"post","link":"https:\/\/linitiative.ca\/International\/tebboune-met-fin-aux-fonctions-du-ministre-de-la-poste-et-des-telecommunications\/","title":{"rendered":"Tebboune met fin aux fonctions du ministre de la Poste et des T\u00e9l\u00e9communications"},"content":{"rendered":"<h4 class=\"title-14\"\/>\n<div class=\"featured_image\"><img loading=\"lazy\" decoding=\"async\" width=\"678\" height=\"452\" src=\"https:\/\/www.elwatan.com\/wp-content\/uploads\/2021\/04\/images-9.jpeg\" class=\"attachment-post-thumbnail size-post-thumbnail wp-post-image\" alt=\"Brahim Boumzar\" srcset=\"https:\/\/www.elwatan.com\/wp-content\/uploads\/2021\/04\/images-9.jpeg 678w, https:\/\/www.elwatan.com\/wp-content\/uploads\/2021\/04\/images-9-300x200.jpeg 300w\" sizes=\"auto, (max-width: 678px) 100vw, 678px\"\/> <span class=\"featured-image-caption\">Photo : D. R.<\/span><\/div>\n<p><em><strong>Le pr\u00e9sident de la R\u00e9publique, M. Abdelmadjid Tebboune, a mis fin, mardi 27 avril, aux fonctions du ministre de la Poste et des T\u00e9l\u00e9communications, Brahim Boumzar, indique un communiqu\u00e9 des services du Premier ministre.<\/strong><\/em><\/p>\n<p>\u00ab\u00a0Le pr\u00e9sident de la R\u00e9publique, Monsieur Abdelmadjid Tebboune, a mis fin, \u00e0 compter de ce jour, aux fonctions de Monsieur Brahim Boumzar, ministre de la Poste et des T\u00e9l\u00e9communications\u00a0\u00bb, pr\u00e9cise le communiqu\u00e9.<\/p>\n<p>\u00ab\u00a0Comme il a charg\u00e9 Monsieur Sid-Ahmed Ferroukhi, ministre de la P\u00eache et des Productions halieutiques d\u2019assurer l\u2019int\u00e9rim du ministre de la Poste et des T\u00e9l\u00e9communications\u00a0\u00bb, ajoute la m\u00eame source.<\/p>\n<p><span class=\"post-views-label\">Post Views:<\/span> <span class=\"post-views-count\">548<\/span><\/p>\n<p><br class=\"c3\"\/><\/p>\n<div class=\"ichhar-moneytagnative c5\" id=\"ichhar-1721421537\">\n<p>Advertisements<\/p>\n<\/div>\n<p><br class=\"c3\"\/><br \/>\n<br class=\"c6\"\/><\/p>\n<p>Auteur: Mohand Yahiaoui<br \/>\n<a href=\"https:\/\/www.elwatan.com\/edition\/actualite\/tebboune-met-fin-aux-fonctions-du-ministre-de-la-poste-et-des-telecommunications-27-04-2021\">Cliquez ici pour lire l&rsquo;article depuis sa source.<\/a><\/p>\n","protected":false},"excerpt":{"rendered":"<p>Photo : D. R. Le pr\u00e9sident de la R\u00e9publique, M. Abdelmadjid Tebboune, a mis fin, mardi 27 avril, aux fonctions du ministre de la Poste et des T\u00e9l\u00e9communications, Brahim Boumzar, indique un communiqu\u00e9 des services du Premier ministre. \u00ab\u00a0Le pr\u00e9sident de la R\u00e9publique, Monsieur Abdelmadjid Tebboune, a mis fin, \u00e0 compter de ce jour, aux [&hellip;]<\/p>\n","protected":false},"author":1743,"featured_media":0,"comment_status":"closed","ping_status":"closed","sticky":false,"template":"","format":"standard","meta":{"fifu_image_url":"https:\/\/www.elwatan.com\/wp-content\/uploads\/2021\/04\/images-9.jpeg","fifu_image_alt":"Tebboune met fin aux fonctions du ministre de la Poste et des T\u00e9l\u00e9communications","footnotes":""},"categories":[73,53],"tags":[],"class_list":["post-115702","post","type-post","status-publish","format-standard","hentry","category-actualite","category-algerie"],"_links":{"self":[{"href":"https:\/\/linitiative.ca\/International\/wp-json\/wp\/v2\/posts\/115702","targetHints":{"allow":["GET"]}}],"collection":[{"href":"https:\/\/linitiative.ca\/International\/wp-json\/wp\/v2\/posts"}],"about":[{"href":"https:\/\/linitiative.ca\/International\/wp-json\/wp\/v2\/types\/post"}],"author":[{"embeddable":true,"href":"https:\/\/linitiative.ca\/International\/wp-json\/wp\/v2\/users\/1743"}],"replies":[{"embeddable":true,"href":"https:\/\/linitiative.ca\/International\/wp-json\/wp\/v2\/comments?post=115702"}],"version-history":[{"count":0,"href":"https:\/\/linitiative.ca\/International\/wp-json\/wp\/v2\/posts\/115702\/revisions"}],"wp:attachment":[{"href":"https:\/\/linitiative.ca\/International\/wp-json\/wp\/v2\/media?parent=115702"}],"wp:term":[{"taxonomy":"category","embeddable":true,"href":"https:\/\/linitiative.ca\/International\/wp-json\/wp\/v2\/categories?post=115702"},{"taxonomy":"post_tag","embeddable":true,"href":"https:\/\/linitiative.ca\/International\/wp-json\/wp\/v2\/tags?post=115702"}],"curies":[{"name":"wp","href":"https:\/\/api.w.org\/{rel}","templated":true}]}}