{"id":115703,"date":"2021-04-27T04:00:00","date_gmt":"2021-04-27T08:00:00","guid":{"rendered":"https:\/\/linitiative.ca\/International\/des-associations-de-la-societe-civile-tunisienne-condamnent-lacte-terroriste-de-rambouillet\/"},"modified":"2021-04-27T04:00:00","modified_gmt":"2021-04-27T08:00:00","slug":"des-associations-de-la-societe-civile-tunisienne-condamnent-lacte-terroriste-de-rambouillet","status":"publish","type":"post","link":"https:\/\/linitiative.ca\/International\/des-associations-de-la-societe-civile-tunisienne-condamnent-lacte-terroriste-de-rambouillet\/","title":{"rendered":"Des associations  de la soci\u00e9t\u00e9 civile tunisienne condamnent  l\u2019acte  terroriste de Rambouillet"},"content":{"rendered":"<p>A la suite du\u00a0 crime terroriste dont la victime est une citoyenne fran\u00e7aise travaillant\u00a0 au poste de police de la ville fran\u00e7aise de Rambouillet,\u00a0 les associations de la soci\u00e9t\u00e9 civile tunisienne, signataires du pr\u00e9sent communiqu\u00e9, condamnent fermement cet acte odieux, l\u00e2che et pr\u00e9judiciable \u00e0 la r\u00e9putation de la Tunisie, perp\u00e9tr\u00e9 une fois de plus par un membre de la communaut\u00e9 tunisienne en France.<\/p>\n<p>Les investigations pr\u00e9liminaires montrent que ce\u00a0 crime fait partie d\u2019une s\u00e9rie d\u2019actes terroristes commis, au nom de l\u2019islam, par des mouvements politiques extr\u00e9mistes qui se disent \u00ab\u00a0islamistes \u00a0\u00bb\u00a0 et dont\u00a0 l\u2019ex\u00e9cution est parfois confi\u00e9e \u00e0 des individus\u00a0 d\u2019un faible niveau intellectuel qui sont la proie facile de la propagande haineuse et trompeuse\u00a0 appuy\u00e9e par ces organisations. De tels discours ont tir\u00e9 profit de l\u2019appui ou de l\u2019indulgence des partis ayant pris part au pouvoir pendant la derni\u00e8re d\u00e9cennie.<\/p>\n<p>Les\u00a0 associations condamnent\u00a0 \u00e9galement l\u2019obstination de certains partis, en particulier le Mouvement Ennahdha\u00a0 et les organisations et associations\u00a0 qui lui font all\u00e9geance depuis 2011, dont la plus importante actuellement,\u00a0 la Coalition Al Karama, \u00e0 diffuser les discours encourageant la haine, la s\u00e9dition et la violence sur les r\u00e9seaux sociaux et les m\u00e9dias, en particulier ceux qui sont hors-la loi.<\/p>\n<p>Tout en r\u00e9it\u00e9rant\u00a0 leur condamnation de ces actes criminels odieux, dont les victimes sont des citoyennes\u00a0 et des citoyens innocents, les associations\u00a0 expriment leur solidarit\u00e9 totale avec les familles des victimes et avec le peuple fran\u00e7ais et regrettent\u00a0 la recrudescence des\u00a0 campagnes haineuses et racistes \u00e0 l\u2019encontre\u00a0 des Tunisiennes\u00a0 et des Tunisiens\u00a0 et de l\u2019ensemble des \u00e9trangers r\u00e9sidant en France et dans le reste des pays europ\u00e9ens.<\/p>\n<p>Les Associations regrettent le long mutisme des\u00a0 autorit\u00e9s officielles, ex\u00e9cutives et l\u00e9gislatives, et consid\u00e8rent que le communiqu\u00e9\u00a0 du gouvernement, tout en \u00e9tant important, constitue un recul par rapport aux\u00a0 positions de principe fermes contre le terrorisme dans le\u00a0 pays et \u00e0 l\u2019\u00e9tranger, qui ont caract\u00e9ris\u00e9 la politique tunisienne pendant les derni\u00e8res d\u00e9cennies. Elles mettent en garde contre les r\u00e9percussions d\u2019une telle h\u00e9sitation sur l\u2019image de la Tunisie \u00e0 l\u2019\u00e9tranger et sur les membres de nos communaut\u00e9s \u00e0 travers le monde et\u00a0 notamment en France.\u00a0<\/p>\n<p>Les associations signataires consid\u00e8rent, en conclusion, que l\u2019escalade du terrorisme mondial constitue une menace pour la coexistence pacifique et paisible\u00a0 entre les peuples et que les Etats doivent fournir des efforts conjoints pour la freiner en am\u00e9liorant\u00a0 le contenu\u00a0 de l\u2019information et des programmes \u00e9ducatifs et en facilitant le lancement de projets de d\u00e9veloppement qui sont un rempart \u00e9vitant\u00a0 aux jeunes d\u2019\u00eatre une proie facile aux mains des organisations terroristes transnationales et transcontinentales.<\/p>\n<p><span class=\"c2\"><strong>Les associations signataires<\/strong><\/span><\/p>\n<p><span class=\"c3\"><strong>\u2022<\/strong><\/span> Association Attalaki pour la libert\u00e9 et l\u2019\u00e9galit\u00e9<\/p>\n<p><span class=\"c3\"><strong>\u2022<\/strong><\/span> Association Beity<\/p>\n<p><span class=\"c3\"><strong>\u2022<\/strong><\/span> Association citoyennet\u00e9 et libert\u00e9s<\/p>\n<p><span class=\"c3\"><strong>\u2022<\/strong><\/span> Association Citoyennet\u00e9, D\u00e9veloppement, Cultures &amp; Migrations Des Deux Rives<br \/><span class=\"c3\"><strong>\u2022<\/strong><\/span> Association de solidarit\u00e9 civique \u2013 Tunisie<\/p>\n<p><span class=\"c3\"><strong>\u2022<\/strong><\/span> Association des femmes tunisienne pour la recherche sur le d\u00e9veloppement<\/p>\n<p><span class=\"c3\"><strong>\u2022<\/strong><\/span> Association Edification de la culture de la citoyennet\u00e9<\/p>\n<p><span class=\"c3\"><strong>\u2022<\/strong><\/span> Association Joussour de la Citoyennet\u00e9<\/p>\n<p><span class=\"c3\"><strong>\u2022<\/strong><\/span> Association La Manouba pour les monuments et la culture<\/p>\n<p><span class=\"c3\"><strong>\u2022<\/strong><\/span> Association m\u00e9diterran\u00e9enne pour la p\u00e9dagogie et la citoyennet\u00e9\u00a0<\/p>\n<p><span class=\"c3\"><strong>\u2022<\/strong><\/span> Association tunisienne de d\u00e9fense des libert\u00e9s individuelles<\/p>\n<p><span class=\"c3\"><strong>\u2022<\/strong><\/span> Association tunisienne de d\u00e9fense des valeurs universitaires<\/p>\n<p><span class=\"c3\"><strong>\u2022<\/strong><\/span> Association tunisienne des femmes d\u00e9mocrates<\/p>\n<p><span class=\"c3\"><strong>\u2022<\/strong><\/span> Association Vigilance pour la d\u00e9mocratie et l\u2019Etat civique<\/p>\n<p><span class=\"c3\"><strong>\u2022<\/strong><\/span> Centre de Tunis pour la libert\u00e9 de la presse<\/p>\n<p><span class=\"c3\"><strong>\u2022<\/strong><\/span> Coalition tunisienne pour l\u2019abolition de la peine de mort<\/p>\n<p><span class=\"c3\"><strong>\u2022<\/strong><\/span> Comit\u00e9 pour le respect des libert\u00e9s et des droits de l\u2019homme en Tunisie<\/p>\n<p><span class=\"c3\"><strong>\u2022<\/strong><\/span> Euromedrights<\/p>\n<p><span class=\"c3\"><strong>\u2022<\/strong><\/span> Forum Attajdid pour la pens\u00e9e progressiste<\/p>\n<p><span class=\"c3\"><strong>\u2022<\/strong><\/span> Free Sight Association<\/p>\n<p><span class=\"c3\"><strong>\u2022<\/strong><\/span> L\u2019Association Arts et Cultures des deux Rives<\/p>\n<p><span class=\"c3\"><strong>\u2022<\/strong><\/span> L\u2019association tunisienne de l\u2019action culturelle<\/p>\n<p><span class=\"c3\"><strong>\u2022<\/strong><\/span> La F\u00e9d\u00e9ration des Tunisiens pour une Citoyennet\u00e9 des deux Rives<\/p>\n<p><span class=\"c3\"><strong>\u2022<\/strong><\/span> La Fondation Hassen Saadaoui pour la d\u00e9mocratie et l&rsquo;\u00e9galit\u00e9<\/p>\n<p><span class=\"c3\"><strong>\u2022<\/strong><\/span> L&rsquo;association des Tunisiens en France<\/p>\n<p><span class=\"c3\"><strong>\u2022<\/strong><\/span> L&rsquo;association L&rsquo;ART RUE<\/p>\n<p><span class=\"c3\"><strong>\u2022<\/strong><\/span> L&rsquo;Association tunisienne de soutien aux minorit\u00e9s<\/p>\n<p><span class=\"c3\"><strong>\u2022<\/strong><\/span> Le Comit\u00e9 de Vigilance pour la D\u00e9mocratie en Tunisie \u2013 Belgique<\/p>\n<p><span class=\"c3\"><strong>\u2022<\/strong><\/span> Ligue tunisienne de d\u00e9fense des droits de l\u2019homme<\/p>\n<p><span class=\"c3\"><strong>\u2022<\/strong><\/span> L&rsquo;union des Tunisiens pour l&rsquo;Action Citoyenne<\/p>\n<p><span class=\"c3\"><strong>\u2022<\/strong><\/span> Nachaz \u2013 Dissonances<\/p>\n<p><span class=\"c3\"><strong>\u2022<\/strong><\/span> Observatoire national pour la d\u00e9fense du caract\u00e8re civil de l\u2019Etat<\/p>\n<p><span class=\"c3\"><strong>\u2022<\/strong><\/span> Organisation 23_10 de Soutien au Processus de la Transition D\u00e9mocratique<\/p>\n<p><span class=\"c3\"><strong>\u2022<\/strong><\/span> Organisation contre la torture en Tunisie<\/p>\n<p><span class=\"c3\"><strong>\u2022<\/strong><\/span> Syndicat national des journalistes tunisiens<\/p>\n<p><span class=\"c3\"><strong>\u2022<\/strong><\/span> Tunisian forum for youth empowerment<br \/>\u00a0<\/p>\n<p>Auteur:<br \/>\n<a href=\"https:\/\/www.leaders.com.tn\/article\/31785-des-associations-de-la-societe-civile-tunisienne-condamnent-l-acte-terroriste-de-rambouillet\">Cliquez ici pour lire l&rsquo;article depuis sa source.<\/a><\/p>\n","protected":false},"excerpt":{"rendered":"<p>A la suite du\u00a0 crime terroriste dont la victime est une citoyenne fran\u00e7aise travaillant\u00a0 au poste de police de la ville fran\u00e7aise de Rambouillet,\u00a0 les associations de la soci\u00e9t\u00e9 civile tunisienne, signataires du pr\u00e9sent communiqu\u00e9, condamnent fermement cet acte odieux, l\u00e2che et pr\u00e9judiciable \u00e0 la r\u00e9putation de la Tunisie, perp\u00e9tr\u00e9 une fois de plus par [&hellip;]<\/p>\n","protected":false},"author":1772,"featured_media":0,"comment_status":"closed","ping_status":"closed","sticky":false,"template":"","format":"standard","meta":{"fifu_image_url":"","fifu_image_alt":"","footnotes":""},"categories":[73,55],"tags":[],"class_list":["post-115703","post","type-post","status-publish","format-standard","hentry","category-actualite","category-tunisie"],"_links":{"self":[{"href":"https:\/\/linitiative.ca\/International\/wp-json\/wp\/v2\/posts\/115703","targetHints":{"allow":["GET"]}}],"collection":[{"href":"https:\/\/linitiative.ca\/International\/wp-json\/wp\/v2\/posts"}],"about":[{"href":"https:\/\/linitiative.ca\/International\/wp-json\/wp\/v2\/types\/post"}],"author":[{"embeddable":true,"href":"https:\/\/linitiative.ca\/International\/wp-json\/wp\/v2\/users\/1772"}],"replies":[{"embeddable":true,"href":"https:\/\/linitiative.ca\/International\/wp-json\/wp\/v2\/comments?post=115703"}],"version-history":[{"count":0,"href":"https:\/\/linitiative.ca\/International\/wp-json\/wp\/v2\/posts\/115703\/revisions"}],"wp:attachment":[{"href":"https:\/\/linitiative.ca\/International\/wp-json\/wp\/v2\/media?parent=115703"}],"wp:term":[{"taxonomy":"category","embeddable":true,"href":"https:\/\/linitiative.ca\/International\/wp-json\/wp\/v2\/categories?post=115703"},{"taxonomy":"post_tag","embeddable":true,"href":"https:\/\/linitiative.ca\/International\/wp-json\/wp\/v2\/tags?post=115703"}],"curies":[{"name":"wp","href":"https:\/\/api.w.org\/{rel}","templated":true}]}}