{"id":115709,"date":"2021-04-27T06:00:00","date_gmt":"2021-04-27T10:00:00","guid":{"rendered":"https:\/\/linitiative.ca\/International\/consultations\/"},"modified":"2021-04-27T06:00:00","modified_gmt":"2021-04-27T10:00:00","slug":"consultations","status":"publish","type":"post","link":"https:\/\/linitiative.ca\/International\/consultations\/","title":{"rendered":"Consultations"},"content":{"rendered":"<p class=\"c3\">Le secr\u00e9taire d\u2019\u00c9tat charg\u00e9 de la R\u00e9forme hospitali\u00e8re entame une s\u00e9rie de rencontres avec les partenaires sociaux dans le cadre de la mise en place de sa feuille de route.\u00a0<br \/>Plusieurs syndicats du secteur ont re\u00e7u une invitation afin de pr\u00e9senter leur vision au cours de rencontres bilat\u00e9rales. Isma\u00efl Mesbah avait d\u00e9j\u00e0 sollicit\u00e9 l&rsquo;avis des acteurs du secteur, faisant parvenir \u00e0 ces derniers un document synth\u00e9tisant sa d\u00e9marche et appelant \u00e0 une large concertation, avant de pr\u00e9senter le dossier de la r\u00e9forme au gouvernement.<\/p>\n<p>Auteur:<br \/>\n<a href=\"https:\/\/www.lesoirdalgerie.com\/periscoop\/consultations-60277\">Cliquez ici pour lire l&rsquo;article depuis sa source.<\/a><\/p>\n","protected":false},"excerpt":{"rendered":"<p>Le secr\u00e9taire d\u2019\u00c9tat charg\u00e9 de la R\u00e9forme hospitali\u00e8re entame une s\u00e9rie de rencontres avec les partenaires sociaux dans le cadre de la mise en place de sa feuille de route.\u00a0Plusieurs syndicats du secteur ont re\u00e7u une invitation afin de pr\u00e9senter leur vision au cours de rencontres bilat\u00e9rales. Isma\u00efl Mesbah avait d\u00e9j\u00e0 sollicit\u00e9 l&rsquo;avis des acteurs [&hellip;]<\/p>\n","protected":false},"author":1741,"featured_media":0,"comment_status":"closed","ping_status":"closed","sticky":false,"template":"","format":"standard","meta":{"fifu_image_url":"","fifu_image_alt":"","footnotes":""},"categories":[73,53],"tags":[],"class_list":["post-115709","post","type-post","status-publish","format-standard","hentry","category-actualite","category-algerie"],"_links":{"self":[{"href":"https:\/\/linitiative.ca\/International\/wp-json\/wp\/v2\/posts\/115709","targetHints":{"allow":["GET"]}}],"collection":[{"href":"https:\/\/linitiative.ca\/International\/wp-json\/wp\/v2\/posts"}],"about":[{"href":"https:\/\/linitiative.ca\/International\/wp-json\/wp\/v2\/types\/post"}],"author":[{"embeddable":true,"href":"https:\/\/linitiative.ca\/International\/wp-json\/wp\/v2\/users\/1741"}],"replies":[{"embeddable":true,"href":"https:\/\/linitiative.ca\/International\/wp-json\/wp\/v2\/comments?post=115709"}],"version-history":[{"count":0,"href":"https:\/\/linitiative.ca\/International\/wp-json\/wp\/v2\/posts\/115709\/revisions"}],"wp:attachment":[{"href":"https:\/\/linitiative.ca\/International\/wp-json\/wp\/v2\/media?parent=115709"}],"wp:term":[{"taxonomy":"category","embeddable":true,"href":"https:\/\/linitiative.ca\/International\/wp-json\/wp\/v2\/categories?post=115709"},{"taxonomy":"post_tag","embeddable":true,"href":"https:\/\/linitiative.ca\/International\/wp-json\/wp\/v2\/tags?post=115709"}],"curies":[{"name":"wp","href":"https:\/\/api.w.org\/{rel}","templated":true}]}}