{"id":115710,"date":"2021-04-27T06:00:00","date_gmt":"2021-04-27T10:00:00","guid":{"rendered":"https:\/\/linitiative.ca\/International\/libre-pensee-au-cachot\/"},"modified":"2021-04-27T06:00:00","modified_gmt":"2021-04-27T10:00:00","slug":"libre-pensee-au-cachot","status":"publish","type":"post","link":"https:\/\/linitiative.ca\/International\/libre-pensee-au-cachot\/","title":{"rendered":"Libre pens\u00e9e au cachot ?"},"content":{"rendered":"<p class=\"c3\">Il nous arrive tellement souvent de nous demander pourquoi cela nous arrive \u00e0 nous ! Oui ! Pourquoi cela nous arrive \u00e0 nous ? Bien s\u00fbr, nous ne sommes pas les seuls au monde \u00e0 payer le prix fort pour les coups les plus tordus mais cela n\u2019excuse en rien que l\u2019on nous impose autant d\u2019infortune spirituelle et fasse subir le fruit d\u2019errances id\u00e9ologiques qui indisposent plus qu\u2019elles n\u2019\u00e9duquent. Pourquoi un brillant chercheur qui se fait fort d\u2019\u00e9clairer les profanes que nous sommes en mati\u00e8re d\u2019islam est-il condamn\u00e9 \u00e0 revoir \u00e0 la baisse, voire \u00e0 renier les brillantes conf\u00e9rences qui font de lui un \u00eatre d\u2019exception ? Trois ans de prison, rien que cela, pour se soumettre \u00e0 l\u2019amateurisme d\u2019adversaires dont la paresse intellectuelle ou l\u2019incapacit\u00e9 de transcender l\u2019indigence de l\u2019id\u00e9ologie qui les fait r\u00e9agir fait des \u00e9mules au c\u0153ur d\u2019une universit\u00e9 en mal de r\u00e9flexion savante ! J\u2019essaie d\u2019imaginer la r\u00e9action des r\u00e9fractaires \u00e0 la pens\u00e9e libre et au d\u00e9bat d\u2019id\u00e9es.<br \/>\u00a0Quant au profil douteux de ces derniers, il n\u2019est plus une g\u00eane pour ceux cens\u00e9s promouvoir le progr\u00e8s. Au contraire, l\u2019inertie et le vide qui freinent le discernement et transforment le cerveau en un vaste d\u00e9potoir de pens\u00e9es toxiques ont paralys\u00e9 les amphis, envahi les chaires peu \u00e0 peu prises en otage par des pr\u00e9dicateurs sans aura et fauss\u00e9 jusqu\u2019aux tentatives d\u2019introspection. C\u2019est de cette engeance-l\u00e0 que la justice, qui n\u2019a pourtant pas pour mission de g\u00e9rer le d\u00e9bat contradictoire, se sent la plus proche. Et c\u2019est \u00e0 l\u2019incoh\u00e9rence d\u2019arguments sans queue ni t\u00eate, mais hurl\u00e9s \u00e0 coups de porte-voix emprunt\u00e9s \u00e0 la mosqu\u00e9e du coin, qu\u2019elle apporte le cr\u00e9dit contest\u00e9 par les pairs de Sa\u00efd Djabelkhir !\u00a0<br \/>La r\u00e9sistance au changement se fait plus inqui\u00e9tante quand elle puise sa force dans la r\u00e9gression. Celle d\u2019adeptes de l\u2019approximation et du pr\u00eache incendiaire, effray\u00e9s par l\u2019hypoth\u00e8se d\u2019un renoncement \u00e0 la pens\u00e9e r\u00e9trograde ! Quelle offense pensait r\u00e9parer le magistrat qui a \u00e9nonc\u00e9 le verdict ? Maintenant que notre justice choisit son camp en frappant fort ceux qui travaillent \u00e0 sauver la soci\u00e9t\u00e9 des abandons dont elle se rend inconsciemment coupable, le pire reste \u00e0 craindre !\u00a0<br \/><em><strong>M. B.<\/strong><\/em><\/p>\n<p>Auteur:<br \/>\n<a href=\"https:\/\/www.lesoirdalgerie.com\/soit-dit-en-passant\/libre-pensee-au-cachot-60276\">Cliquez ici pour lire l&rsquo;article depuis sa source.<\/a><\/p>\n","protected":false},"excerpt":{"rendered":"<p>Il nous arrive tellement souvent de nous demander pourquoi cela nous arrive \u00e0 nous ! Oui ! Pourquoi cela nous arrive \u00e0 nous ? Bien s\u00fbr, nous ne sommes pas les seuls au monde \u00e0 payer le prix fort pour les coups les plus tordus mais cela n\u2019excuse en rien que l\u2019on nous impose autant [&hellip;]<\/p>\n","protected":false},"author":1741,"featured_media":0,"comment_status":"closed","ping_status":"closed","sticky":false,"template":"","format":"standard","meta":{"fifu_image_url":"","fifu_image_alt":"","footnotes":""},"categories":[73,53],"tags":[],"class_list":["post-115710","post","type-post","status-publish","format-standard","hentry","category-actualite","category-algerie"],"_links":{"self":[{"href":"https:\/\/linitiative.ca\/International\/wp-json\/wp\/v2\/posts\/115710","targetHints":{"allow":["GET"]}}],"collection":[{"href":"https:\/\/linitiative.ca\/International\/wp-json\/wp\/v2\/posts"}],"about":[{"href":"https:\/\/linitiative.ca\/International\/wp-json\/wp\/v2\/types\/post"}],"author":[{"embeddable":true,"href":"https:\/\/linitiative.ca\/International\/wp-json\/wp\/v2\/users\/1741"}],"replies":[{"embeddable":true,"href":"https:\/\/linitiative.ca\/International\/wp-json\/wp\/v2\/comments?post=115710"}],"version-history":[{"count":0,"href":"https:\/\/linitiative.ca\/International\/wp-json\/wp\/v2\/posts\/115710\/revisions"}],"wp:attachment":[{"href":"https:\/\/linitiative.ca\/International\/wp-json\/wp\/v2\/media?parent=115710"}],"wp:term":[{"taxonomy":"category","embeddable":true,"href":"https:\/\/linitiative.ca\/International\/wp-json\/wp\/v2\/categories?post=115710"},{"taxonomy":"post_tag","embeddable":true,"href":"https:\/\/linitiative.ca\/International\/wp-json\/wp\/v2\/tags?post=115710"}],"curies":[{"name":"wp","href":"https:\/\/api.w.org\/{rel}","templated":true}]}}