{"id":115711,"date":"2021-04-27T11:46:07","date_gmt":"2021-04-27T15:46:07","guid":{"rendered":"https:\/\/linitiative.ca\/International\/le-tchad-victime-de-la-france-afrique\/"},"modified":"2021-04-27T11:46:07","modified_gmt":"2021-04-27T15:46:07","slug":"le-tchad-victime-de-la-france-afrique","status":"publish","type":"post","link":"https:\/\/linitiative.ca\/International\/le-tchad-victime-de-la-france-afrique\/","title":{"rendered":"Le Tchad victime de la France-Afrique"},"content":{"rendered":"<p><strong>La mort de Driss Deby dans des combats a \u00e9t\u00e9 une surprise pour le monde entier, sauf pour les Fran\u00e7ais. Les services fran\u00e7ais connaissaient le penchant du Pr\u00e9sident Tchadien pour la guerre. La preuve, c\u2019est que l\u2019Elys\u00e9e \u00e9crit \u00ab\u00a0Le Tchad a perdu un grand soldat\u00a0\u00bb.<\/strong><\/p>\n<div class=\"c10\">\n<\/div>\n<p>Macron s\u2019est senti oblig\u00e9 d\u2019assister aux fun\u00e9railles de Deby. Seulement entre-temps, le fils Deby a foment\u00e9 un coup d\u2019Etat institutionnel, a pris le pouvoir contrairement \u00e0 la constitution que son p\u00e8re avait impos\u00e9e et qui pr\u00e9voit que le Pr\u00e9sident de l\u2019Assembl\u00e9e Nationale assure l\u2019Int\u00e9rim.<\/p>\n<p>Le Pr\u00e9sident de la R\u00e9publique fran\u00e7aise a donc adoub\u00e9 un putschiste et l\u2019a l\u00e9gitim\u00e9 contre les r\u00e9serves de l\u2019Union Africaine. La France n\u2019est pas le pays des lumi\u00e8res quand il s\u2019agit de l\u2019Afrique, mais celui du soutien des dictatures pourries jusqu\u2019\u00e0 l\u2019os.<\/p>\n<p><strong>Lire aussi| <a href=\"https:\/\/www.challenge.ma\/cdg-invest-rejoint-le-tour-de-table-de-la-startup-goacommerce-182638\/\">CDG Invest rejoint le tour de table de la startup GOAcommerce<\/a><\/strong><\/p>\n<p>C\u2019est la France qui a soutenu Driss Deby contre Hiss\u00e8ne Habr\u00e9, lui-m\u00eame, ancien prot\u00e9g\u00e9 de Paris. Un ancien patron de la DGSE explique \u00ab\u00a0Habr\u00e9 a voulu changer d\u2019alli\u00e9 et se rapprocher de Kadhafi, je lui ai dit qu\u2019il \u00e9tait fini et nous avons aid\u00e9 Deby \u00e0 le renverser.\u00a0\u00bb<\/p>\n<p>On aurait pu croire que les m\u0153urs ont chang\u00e9. Macron nous rappelle que pour Paris, les Africains ne m\u00e9ritent ni la d\u00e9mocratie ni le respect des droits de l\u2019homme, mais juste des r\u00e9gimes \u00e0 sa solde.<\/p>\n<p>L\u2019Arm\u00e9e tchadienne porte sur ses \u00e9paules\u00a0 le G5 du Sahel, alliance qui combat le terrorisme pour tenter de sortir la France de l\u2019enlisement de l\u2019op\u00e9ration Barkhane, pr\u00e9vue pour 6 mois et qui dure depuis 8 ans.<\/p>\n<p>Que ce pays soit important pour la strat\u00e9gie fran\u00e7aise, cela peut s\u2019entendre. Mais pas au point de l\u00e9gitimer un coup d\u2019Etat et une dictature d\u00e9sormais h\u00e9r\u00e9ditaire. C\u2019est ce que Macron a fait.<\/p>\n<p><strong>Lire aussi| <a href=\"https:\/\/www.challenge.ma\/dotation-touristique-supplementaire-voici-comment-ca-fonctionne-182712\/\">Dotation touristique suppl\u00e9mentaire : voici comment \u00e7a fonctionne<\/a><\/strong><\/p>\n<p>Aujourd\u2019hui, deux manifestantes pacifiques ont \u00e9t\u00e9 tu\u00e9es \u00e0 N\u2019Djamena. Macron a exprim\u00e9 \u00ab\u00a0son inqui\u00e9tude\u00a0\u00bb face \u00e0 la r\u00e9pression. Quelle incoh\u00e9rence\u00a0! il soutient un nouveau dictateur et regrette qu\u2019il fasse usage de la r\u00e9pression.<\/p>\n<p>C\u2019est du racisme syst\u00e9mique. Les peuples Tchadien, Malien, Burkinab\u00e9, ne seraient pas assez m\u00fbrs pour trouver leur voie vers la d\u00e9mocratie. C\u2019est \u00e0 Tonton Emmanuel de d\u00e9cider pour eux.<\/p>\n<p>De toutes les anciennes puissances coloniales, la France est la pire, parce qu\u2019elle refuse de sortir de la notion de chasse gard\u00e9e. Traiter d\u2019\u00e9gal \u00e0 \u00e9gal avec les anciens colonis\u00e9s est au-dessus de leurs forces. Les peuples africains s\u2019\u00e9manciperont de cette tutelle m\u00e9prisante, s\u2019il le faut par la force.<\/p>\n<div class=\"vw-sticky-sidebar-wrapper vw-sticky-sidebar widget_text awac-wrapper widget_text awac widget custom_html-4 textwidget custom-html-widget\">\n<p class=\"has-background c12\"><span class=\"widget-title c11\">Tribune et D\u00e9bats<\/span><\/p>\n<p>La tribune qui vous parle d\u2019une actu, d\u2019un sujet qui fait d\u00e9bat, les traite et les analyse. \u00c9conomistes et autres experts, patrons d\u2019entreprises, d\u00e9cideurs, acteurs de la soci\u00e9t\u00e9 civile, s\u2019y prononcent et contribuent \u00e0 sa grande richesse. Vous avez votre opinion, convergente ou diff\u00e9rente. Exprimez-la et mesurez-vous ainsi \u00e0 nos tribuns et d\u00e9batteurs.<\/p>\n<p>Envoyez vos analyses \u00e0 : <a href=\"\/cdn-cgi\/l\/email-protection#f4979b9a80959780b4979c959898919a9391da9995\"><span class=\"__cf_email__\" data-cfemail=\"8ae9e5e4feebe9fecae9e2ebe6e6efe4edefa4e7eb\">[email\u00a0protected]<\/span><\/a>, en pr\u00e9cisant votre nom, votre pr\u00e9nom et votre m\u00e9tier.<\/p>\n<\/div>\n<p>Auteur: Jamal Berraoui<br \/>\n<a href=\"https:\/\/www.challenge.ma\/le-tchad-victime-de-la-france-afrique-182765\/\">Cliquez ici pour lire l&rsquo;article depuis sa source.<\/a><\/p>\n","protected":false},"excerpt":{"rendered":"<p>La mort de Driss Deby dans des combats a \u00e9t\u00e9 une surprise pour le monde entier, sauf pour les Fran\u00e7ais. Les services fran\u00e7ais connaissaient le penchant du Pr\u00e9sident Tchadien pour la guerre. La preuve, c\u2019est que l\u2019Elys\u00e9e \u00e9crit \u00ab\u00a0Le Tchad a perdu un grand soldat\u00a0\u00bb. Macron s\u2019est senti oblig\u00e9 d\u2019assister aux fun\u00e9railles de Deby. Seulement [&hellip;]<\/p>\n","protected":false},"author":1787,"featured_media":0,"comment_status":"closed","ping_status":"closed","sticky":false,"template":"","format":"standard","meta":{"fifu_image_url":"","fifu_image_alt":"","footnotes":""},"categories":[78,54],"tags":[],"class_list":["post-115711","post","type-post","status-publish","format-standard","hentry","category-economie","category-maroc"],"_links":{"self":[{"href":"https:\/\/linitiative.ca\/International\/wp-json\/wp\/v2\/posts\/115711","targetHints":{"allow":["GET"]}}],"collection":[{"href":"https:\/\/linitiative.ca\/International\/wp-json\/wp\/v2\/posts"}],"about":[{"href":"https:\/\/linitiative.ca\/International\/wp-json\/wp\/v2\/types\/post"}],"author":[{"embeddable":true,"href":"https:\/\/linitiative.ca\/International\/wp-json\/wp\/v2\/users\/1787"}],"replies":[{"embeddable":true,"href":"https:\/\/linitiative.ca\/International\/wp-json\/wp\/v2\/comments?post=115711"}],"version-history":[{"count":0,"href":"https:\/\/linitiative.ca\/International\/wp-json\/wp\/v2\/posts\/115711\/revisions"}],"wp:attachment":[{"href":"https:\/\/linitiative.ca\/International\/wp-json\/wp\/v2\/media?parent=115711"}],"wp:term":[{"taxonomy":"category","embeddable":true,"href":"https:\/\/linitiative.ca\/International\/wp-json\/wp\/v2\/categories?post=115711"},{"taxonomy":"post_tag","embeddable":true,"href":"https:\/\/linitiative.ca\/International\/wp-json\/wp\/v2\/tags?post=115711"}],"curies":[{"name":"wp","href":"https:\/\/api.w.org\/{rel}","templated":true}]}}