{"id":115715,"date":"2021-04-27T16:48:00","date_gmt":"2021-04-27T20:48:00","guid":{"rendered":"https:\/\/linitiative.ca\/International\/la-dgi-se-conforme-a-la-loi-sur-la-simplification-des-procedures-administratives\/"},"modified":"2021-04-27T16:48:00","modified_gmt":"2021-04-27T20:48:00","slug":"la-dgi-se-conforme-a-la-loi-sur-la-simplification-des-procedures-administratives","status":"publish","type":"post","link":"https:\/\/linitiative.ca\/International\/la-dgi-se-conforme-a-la-loi-sur-la-simplification-des-procedures-administratives\/","title":{"rendered":"La DGI se conforme \u00e0 la loi sur la simplification des proc\u00e9dures administratives"},"content":{"rendered":"<p><strong><strong>Le directeur g\u00e9n\u00e9ral par int\u00e9rim de la Direction g\u00e9n\u00e9rale des imp\u00f4ts a adress\u00e9 une note de service relative \u00e0 la mise en \u0153uvre des dispositions de la loi n\u00b0 55-19 relative \u00e0 la simplification des proc\u00e9dures et formalit\u00e9s administratives.<\/strong><\/strong><\/p>\n<div class=\"c10\">\n<\/div>\n<p>Khalid Zazou explique qu\u2019en application des dispositions de cette loi, les services de l\u2019administration fiscale ne doivent plus exiger des usagers la l\u00e9galisation des documents, la certification conforme des pi\u00e8ces requises et la production de plus d\u2019une copie des pi\u00e8ces du dossier. Il ajoute que conform\u00e9ment aux d\u00e9cisions de la Commission nationale de simplification des proc\u00e9dures et des formalit\u00e9s administratives, un certain nombre de documents ne doivent plus \u00eatre exig\u00e9s des usagers, comme l\u2019attestation de non emploi et le certificat de r\u00e9sidence.<\/p>\n<p><strong>Lire aussi | <a href=\"https:\/\/www.challenge.ma\/relance-post-covid-19-la-ram-paracheve-son-plan-de-restructuration-financiere-182706\/\" target=\"_blank\" rel=\"noreferrer noopener\">Relance post Covid-19 : la RAM parach\u00e8ve son plan de restructuration financi\u00e8re<\/a><\/strong><\/p>\n<p>Par contre, Khalid Zazou note que les services de l\u2019administration fiscale peuvent proc\u00e9der aux contr\u00f4les et investigations n\u00e9cessaires.<\/p>\n<p>Auteur: challenge<br \/>\n<a href=\"https:\/\/www.challenge.ma\/la-dgi-se-conforme-a-la-loi-sur-la-simplification-des-procedures-administratives-182786\/\">Cliquez ici pour lire l&rsquo;article depuis sa source.<\/a><\/p>\n","protected":false},"excerpt":{"rendered":"<p>Le directeur g\u00e9n\u00e9ral par int\u00e9rim de la Direction g\u00e9n\u00e9rale des imp\u00f4ts a adress\u00e9 une note de service relative \u00e0 la mise en \u0153uvre des dispositions de la loi n\u00b0 55-19 relative \u00e0 la simplification des proc\u00e9dures et formalit\u00e9s administratives. Khalid Zazou explique qu\u2019en application des dispositions de cette loi, les services de l\u2019administration fiscale ne [&hellip;]<\/p>\n","protected":false},"author":1787,"featured_media":0,"comment_status":"closed","ping_status":"closed","sticky":false,"template":"","format":"standard","meta":{"fifu_image_url":"","fifu_image_alt":"","footnotes":""},"categories":[78,54],"tags":[],"class_list":["post-115715","post","type-post","status-publish","format-standard","hentry","category-economie","category-maroc"],"_links":{"self":[{"href":"https:\/\/linitiative.ca\/International\/wp-json\/wp\/v2\/posts\/115715","targetHints":{"allow":["GET"]}}],"collection":[{"href":"https:\/\/linitiative.ca\/International\/wp-json\/wp\/v2\/posts"}],"about":[{"href":"https:\/\/linitiative.ca\/International\/wp-json\/wp\/v2\/types\/post"}],"author":[{"embeddable":true,"href":"https:\/\/linitiative.ca\/International\/wp-json\/wp\/v2\/users\/1787"}],"replies":[{"embeddable":true,"href":"https:\/\/linitiative.ca\/International\/wp-json\/wp\/v2\/comments?post=115715"}],"version-history":[{"count":0,"href":"https:\/\/linitiative.ca\/International\/wp-json\/wp\/v2\/posts\/115715\/revisions"}],"wp:attachment":[{"href":"https:\/\/linitiative.ca\/International\/wp-json\/wp\/v2\/media?parent=115715"}],"wp:term":[{"taxonomy":"category","embeddable":true,"href":"https:\/\/linitiative.ca\/International\/wp-json\/wp\/v2\/categories?post=115715"},{"taxonomy":"post_tag","embeddable":true,"href":"https:\/\/linitiative.ca\/International\/wp-json\/wp\/v2\/tags?post=115715"}],"curies":[{"name":"wp","href":"https:\/\/api.w.org\/{rel}","templated":true}]}}