{"id":115721,"date":"2021-04-27T15:20:35","date_gmt":"2021-04-27T19:20:35","guid":{"rendered":"https:\/\/linitiative.ca\/International\/repression-des-manifs-au-tchad\/"},"modified":"2021-04-27T15:20:35","modified_gmt":"2021-04-27T19:20:35","slug":"repression-des-manifs-au-tchad","status":"publish","type":"post","link":"https:\/\/linitiative.ca\/International\/repression-des-manifs-au-tchad\/","title":{"rendered":"REPRESSION DES MANIFS AU TCHAD  \u00a0"},"content":{"rendered":"<p class=\"c4\"><em>A l\u2019appel des organisations de la soci\u00e9t\u00e9 civile, des syndicats et de partis politiques de l\u2019opposition, des Tchadiens ont brav\u00e9 l\u2019interdiction de manifester,\u00a0 provoquant des \u00e9chauffour\u00e9es qui se sont sold\u00e9es par le bilan de trois morts et pr\u00e8s d\u2019une vingtaine de bless\u00e9s par balles. Ces premiers macchab\u00e9es de l\u2019\u00e8re D\u00e9by fils font craindre des jours sombres pour le Tchad. Car, le message donn\u00e9 par la junte \u00e0 travers cette r\u00e9pression meurtri\u00e8re est, on ne peut plus clair\u00a0: elle ne c\u00e8dera pas aux bourrasques de la contestation comme le veulent les manifestants qui, tout en d\u00e9non\u00e7ant la d\u00e9volution dynastique du pouvoir avec la complicit\u00e9 de la France, exigent l\u2019ouverture aux civils\u00a0 de la transition politique cons\u00e9cutive \u00e0 la disparition tragique du Mar\u00e9chal du Tchad. L\u2019on est d\u2019autant plus fond\u00e9 \u00e0 croire que Mahamat Idriss D\u00e9by et ses compagnons d\u2019armes ne fl\u00e9chiront\u00a0 pas\u00a0 face aux manifestants, qu\u2019ils semblent disposer du soutien de la France et des chefs d\u2019Etat du G5 Sahel qui ont tous adoub\u00e9 le nouveau pouvoir. M\u00eame si la cause semble perdue pour les mouvements de l\u2019opposition qui ont pris d\u2019assaut les\u00a0 rues de N\u2019djamena, l\u2019on ne peut pas leur reprocher de vouloir respirer l\u2019air frais de la libert\u00e9 qu\u2019ouvre la mort de Idriss D\u00e9by Itno qui a r\u00e9gn\u00e9 d\u2019une main de fer pendant plus de trois d\u00e9cennies.<\/em><\/p>\n<p class=\"c4\"><em>\u00a0<\/em><\/p>\n<p class=\"c6\"><strong><em>L\u2019opposition devrait jouer balle \u00e0 terre<\/em><\/strong><\/p>\n<p class=\"c6\"><strong><em>\u00a0<\/em><\/strong><\/p>\n<p class=\"c4\"><em>Au-del\u00e0 des revendications politiques conjoncturelles, c\u2019est donc une population martyre qui exprime son ras-le-bol face \u00e0 un syst\u00e8me qui lui a suc\u00e9 30 ans durant, le sang et qui, contre toute attente,\u00a0 comme le ph\u0153nix,\u00a0 l\u2019oiseau l\u00e9gendaire, tente de rena\u00eetre de ses propres cendres.\u00a0\u00a0<\/em> <em>Mais si l\u2019on peut comprendre que les Tchadiens piaffent d\u2019impatience d\u2019aller vers la vraie d\u00e9mocratie apr\u00e8s en avoir \u00e9t\u00e9 sevr\u00e9 de longues ann\u00e9es, les leaders de l\u2019opposition doivent savoir prendre leur mal en patience et ne pas tomber dans le pi\u00e8ge en confondant vitesse et pr\u00e9cipitation. Ils doivent savoir inscrire dans la longue dur\u00e9e, leur lutte pour la libert\u00e9 d\u00e9mocratique. Et pour cause. Le Tchad, avec la disparition du Mar\u00e9chal Idriss D\u00e9by Itno, traverse une zone de turbulences caract\u00e9ris\u00e9e \u00e0 la fois par les raids de la r\u00e9bellion et par les attaques djihadistes qui menacent\u00a0 son existence. Or, pour vivre libre, il faut d\u2019abord exister. C\u2019est en raison de cela que les opposants qui s\u2019agitent, devraient savoir raison garder et saisir \u00a0la main tendue du Conseil militaire de Transition (CMT) qui multiplie les gestes de bonne volont\u00e9 comme gage de leur bonne foi. Au nombre de ces faits et gestes, l\u2019on retiendra particuli\u00e8rement la nomination, \u00e0 la primature, de Albert Pahimi Padack\u00e9 qui n\u2019exclut pas l\u2019\u00e9ventualit\u00e9 d\u2019une table ronde ouverte \u00e0 tous, y compris les rebelles, pour remettre le pays sur les bons rails. Du reste, la cause de l\u2019opposition semble \u00a0aussi trouver une oreille attentive aupr\u00e8s des m\u00e9diateurs du G5 Sahel qui n\u2019ont pas h\u00e9sit\u00e9 \u00e0 aller d\u2019embl\u00e9e au charbon pour n\u00e9gocier la participation des civils \u00e0 la Transition. L\u2019opposition devrait donc jouer balle \u00e0 terre et surtout \u00e9viter de donner \u00e0 la junte militaire, des pr\u00e9textes pour r\u00e9primer\u00a0 en se d\u00e9marquant de tout acte de vandalisme comme l\u2019on en a pu enregistrer \u00e7\u00e0 et l\u00e0 pendant les manifs d\u2019hier.<\/em><\/p>\n<p class=\"c4\"><em>\u00a0<\/em><\/p>\n<p class=\"c6\"><strong><em>Il reste \u00e0 savoir si la condamnation par Emmanuel Macron, de la r\u00e9pression des manifs au Tchad, contribuera \u00e0 faire retomber le sentiment anti-fran\u00e7ais<\/em><\/strong><\/p>\n<p class=\"c4\"><em>\u00a0<\/em><\/p>\n<p class=\"c4\"><em>\u00a0<\/em><\/p>\n<p class=\"c4\"><em>Le risque de perdre le capital de sympathie est bien r\u00e9el, surtout que le Tchad est encore officiellement en deuil. En effet, cette fr\u00e9n\u00e9sie de l\u2019opposition peut r\u00e9vulser les c\u0153urs de nombreux Tchadiens en ce sens qu\u2019elle ressemble \u00e0 une danse de vautours autour de la d\u00e9pouille mortelle encore fumante du Mar\u00e9chal. Toute chose qui frise l\u2019ind\u00e9cence.\u00a0<\/em> <em>Quant \u00e0 la France qui est prise \u00e0 partie comme la junte militaire par les manifestants, elle paie pour ce qui est per\u00e7u comme une ing\u00e9rence dans les affaires int\u00e9rieures du Tchad. Mais, en r\u00e9alit\u00e9, l\u2019Hexagone est rest\u00e9 \u00e9gal \u00e0 lui-m\u00eame\u00a0: il a toujours pris le parti du plus fort du moment pour pr\u00e9server ses int\u00e9r\u00eats, conform\u00e9ment \u00e0 la formule consacr\u00e9e du G\u00e9n\u00e9ral De Gaulle\u00a0: \u00ab\u00a0la France n\u2019a ni amis ni ennemis, elle n\u2019a que des int\u00e9r\u00eats \u00bb. Et ici, les int\u00e9r\u00eats fran\u00e7ais cr\u00e8vent les yeux\u00a0: il s\u2019agit des 5100 hommes de la force Barkhane qui campent au Tchad pour assurer la s\u00e9curit\u00e9 de la France dont la porte d\u2019entr\u00e9e se situe au Sahel. Et, il ne faut surtout pas oublier cette autre attitude des dirigeants fran\u00e7ais qui disent toujours pr\u00e9f\u00e9rer l\u2019ordre \u00e0 la d\u00e9mocratie. Il reste \u00e0 savoir si la condamnation par Emmanuel Macron, de la r\u00e9pression des manifs au Tchad, contribuera \u00e0 faire retomber le sentiment anti-fran\u00e7ais qui se d\u00e9veloppe au pays\u00a0 de Deby et dans toute la r\u00e9gion ouest-africaine.<\/em> <em>Cela dit, le Conseil militaire de la Transition a tout aussi int\u00e9r\u00eat \u00e0 mettre de l\u2019eau\u2026 dans son fusil. Car, en plus d\u2019avoir foul\u00e9 au pied la l\u00e9galit\u00e9 r\u00e9publicaine, il peut perdre toute l\u00e9gitimit\u00e9 aux yeux des Tchadiens\u00a0 s\u2019il continue de faire dans la r\u00e9pression. Cela est d\u2019autant plus vrai qu\u2019il n\u2019aurait rien perdu en laissant les opposants user de leur droit de manifester. En r\u00e9primant aussi s\u00e9v\u00e8rement la manif comme il l\u2019a fait, il a rat\u00e9 l\u2019occasion de se faire des amis qui auraient pu s\u2019asseoir avec lui autour d\u2019une m\u00eame table pour discuter. Il faut aujourd\u2019hui craindre que les cadavres que l\u2019on a ramass\u00e9s dans les rues de la capitale et dans les autres villes du pays, ne servent, par leur sacrifice, \u00e0 galvaniser les manifestants et n\u2019approfondissent les failles d\u2019une nation d\u00e9j\u00e0 profond\u00e9ment divis\u00e9e et meurtrie par des drames \u00e0 r\u00e9p\u00e9tition.<\/em><\/p>\n<p class=\"c4\"><em>\u00a0<\/em><\/p>\n<p class=\"c6\"><strong><em>\u00ab\u00a0Le Pays\u00a0\u00bb\u00a0 \u00a0\u00a0\u00a0\u00a0\u00a0\u00a0<\/em><\/strong><\/p>\n<p>Auteur: Editions LEPAYS<br \/>\n<a href=\"https:\/\/lepays.bf\/repression-des-manifs-au-tchad\/\">Cliquez ici pour lire l&rsquo;article depuis sa source.<\/a><\/p>\n","protected":false},"excerpt":{"rendered":"<p>A l\u2019appel des organisations de la soci\u00e9t\u00e9 civile, des syndicats et de partis politiques de l\u2019opposition, des Tchadiens ont brav\u00e9 l\u2019interdiction de manifester,\u00a0 provoquant des \u00e9chauffour\u00e9es qui se sont sold\u00e9es par le bilan de trois morts et pr\u00e8s d\u2019une vingtaine de bless\u00e9s par balles. Ces premiers macchab\u00e9es de l\u2019\u00e8re D\u00e9by fils font craindre des jours [&hellip;]<\/p>\n","protected":false},"author":1813,"featured_media":0,"comment_status":"closed","ping_status":"closed","sticky":false,"template":"","format":"standard","meta":{"fifu_image_url":"","fifu_image_alt":"","footnotes":""},"categories":[73,81],"tags":[],"class_list":["post-115721","post","type-post","status-publish","format-standard","hentry","category-actualite","category-burkina-faso"],"_links":{"self":[{"href":"https:\/\/linitiative.ca\/International\/wp-json\/wp\/v2\/posts\/115721","targetHints":{"allow":["GET"]}}],"collection":[{"href":"https:\/\/linitiative.ca\/International\/wp-json\/wp\/v2\/posts"}],"about":[{"href":"https:\/\/linitiative.ca\/International\/wp-json\/wp\/v2\/types\/post"}],"author":[{"embeddable":true,"href":"https:\/\/linitiative.ca\/International\/wp-json\/wp\/v2\/users\/1813"}],"replies":[{"embeddable":true,"href":"https:\/\/linitiative.ca\/International\/wp-json\/wp\/v2\/comments?post=115721"}],"version-history":[{"count":0,"href":"https:\/\/linitiative.ca\/International\/wp-json\/wp\/v2\/posts\/115721\/revisions"}],"wp:attachment":[{"href":"https:\/\/linitiative.ca\/International\/wp-json\/wp\/v2\/media?parent=115721"}],"wp:term":[{"taxonomy":"category","embeddable":true,"href":"https:\/\/linitiative.ca\/International\/wp-json\/wp\/v2\/categories?post=115721"},{"taxonomy":"post_tag","embeddable":true,"href":"https:\/\/linitiative.ca\/International\/wp-json\/wp\/v2\/tags?post=115721"}],"curies":[{"name":"wp","href":"https:\/\/api.w.org\/{rel}","templated":true}]}}