{"id":115722,"date":"2021-04-27T15:28:58","date_gmt":"2021-04-27T19:28:58","guid":{"rendered":"https:\/\/linitiative.ca\/International\/execution-doccidentaux-enleves-au-burkina\/"},"modified":"2021-04-27T15:28:58","modified_gmt":"2021-04-27T19:28:58","slug":"execution-doccidentaux-enleves-au-burkina","status":"publish","type":"post","link":"https:\/\/linitiative.ca\/International\/execution-doccidentaux-enleves-au-burkina\/","title":{"rendered":"EXECUTION D\u2019OCCIDENTAUX ENLEVES AU BURKINA"},"content":{"rendered":"<div class=\"featured-area featured-area-inner\">\n<figure class=\"single-featured-image\"><img decoding=\"async\" width=\"300\" height=\"168\" src=\"https:\/\/i0.wp.com\/lepays.bf\/wp-content\/uploads\/2021\/04\/EXECUTION-2.jpg?resize=300,168&amp;ssl=1\" class=\"attachment-jannah-image-post size-jannah-image-post wp-post-image\" alt=\"\" loading=\"lazy\"\/><\/figure>\n<\/div>\n<div class=\"entry-content entry clearfix\" readability=\"66\">\n<p class=\"c4\"><em>Enlev\u00e9s le 26 avril dernier dans la r\u00e9gion de l\u2019Est du Burkina, deux Espagnols et un Irlandais ont \u00e9t\u00e9 ex\u00e9cut\u00e9s par leurs ravisseurs et ce, en moins de 24 heures. En effet, des t\u00e9moins encore sous le choc, affirment avoir d\u00e9couvert trois corps inanim\u00e9s de peau claire dans la r\u00e9serve de Pama situ\u00e9e au Sud de Fada N\u2019Gourma, chef-lieu de la r\u00e9gion de l\u2019Est en proie \u00e0 des attaques terroristes meurtri\u00e8res r\u00e9p\u00e9t\u00e9es. D\u2019o\u00f9 les interrogations suivantes\u00a0: qu\u2019\u00e9taient partis chercher les trois Occidentaux dans cette gal\u00e8re\u00a0? Avaient-ils mesur\u00e9 les risques encourus\u00a0 au point de s\u2019entourer de toutes les pr\u00e9cautions possibles\u00a0? Vraisemblement, non\u00a0! Car, dans un communiqu\u00e9 pour le moins laconique, rendu public hier apr\u00e8s-midi, le gouvernement burkinab\u00e8 parle d\u2019une attaque dirig\u00e9e contre \u00ab\u00a0 un convoi constitu\u00e9 d\u2019\u00e9l\u00e9ments locaux des Forces de d\u00e9fense et de s\u00e9curit\u00e9 (FDS) et des expatri\u00e9s sur l\u2019axe Fada N\u2019Gourma-Pama\u00a0\u00bb. Que faut-il entendre par l\u2019expression \u00ab\u00a0\u00e9l\u00e9ments locaux\u00a0\u00bb\u00a0? Est-ce une mani\u00e8re, pour les autorit\u00e9s gouvernementales, de dire qu\u2019elles n\u2019avaient pas \u00e9t\u00e9 inform\u00e9es de cette patrouille anti-braconnage impliquant des expatri\u00e9s\u00a0? Peut-\u00eatre les auraient-elles \u00e9t\u00e9 qu\u2019elles auraient pu renforcer davantage le dispositif s\u00e9curitaire pour parer \u00e0 toute \u00e9ventualit\u00e9.<\/em><\/p>\n<p class=\"c4\"><em>\u00a0<\/em><\/p>\n<p class=\"c6\"><strong><em>Une mauvaise publicit\u00e9 pour le Burkina<\/em><\/strong><\/p>\n<p class=\"c4\"><em>Surtout quand on sait que la r\u00e9gion de l\u2019Est est connue pour \u00eatre une zone ins\u00e9cure depuis quelques ann\u00e9es. Tant et si bien que de nombreux villages se sont vid\u00e9s de leurs habitants et plusieurs \u00e9coles ont \u00e9t\u00e9 \u00a0ferm\u00e9es. N\u2019\u00e9tait-ce donc pas tr\u00e8s risqu\u00e9 pour des expatri\u00e9s, en l\u2019occurrence des Occidentaux, de s\u2019aventurer dans une telle r\u00e9gion surtout par ces temps qui courent o\u00f9 la peau blanche, \u00e0 d\u00e9faut de constituer une valeur marchande, pourrait r\u00e9vulser les terroristes qui se croient en terrain conquis\u00a0? En tout cas, le moins que l\u2019on puisse dire, c\u2019est que l\u2019ex\u00e9cution de ces trois expatri\u00e9s constitue une mauvaise publicit\u00e9 pour le Burkina Faso qui, dans l\u2019\u0153il du cyclone des terroristes depuis des ann\u00e9es, s\u2019emploie \u00e0 rassurer ses partenaires dont certains n\u2019avaient pas h\u00e9sit\u00e9 \u00e0 prendre le large, d\u00e9crivant la pays comme une zone rouge. D\u2019autant que sit\u00f4t apr\u00e8s l\u2019annonce de ce drame qui a provoqu\u00e9 une onde de choc, l\u2019on apprenait le massacre de pr\u00e8s d\u2019une quinzaine de civils \u00e0 Seytenga dans le septentrion du pays. Sans oublier que la commune de Koumbri dans le Yatenga est presque sous la coupe regl\u00e9e des groupes arm\u00e9s et ce, depuis plus d\u2019une semaine. Ils y font la pluie et le beau temps, obligeant les populations \u00e0 prendre la poudre d\u2019escampette. C\u2019est dire \u00e0 quel point les FDS qui se battent au p\u00e9ril de leur vie pour pr\u00e9server l\u2019int\u00e9grit\u00e9 de notre territoire, doivent mouiller davantage le treillis et \u00eatre plus que jamais soutenus pour autant que l\u2019on ne veuille pas que le Burkina devienne un califat.<\/em><\/p>\n<p class=\"c4\"><em>\u00a0<\/em><\/p>\n<p class=\"c6\"><strong><em>B.O \u00a0<\/em><\/strong><\/p>\n<\/div>\n<p>Auteur: Editions LEPAYS<br \/>\n<a href=\"https:\/\/lepays.bf\/execution-doccidentaux-enleves-au-burkina\/\">Cliquez ici pour lire l&rsquo;article depuis sa source.<\/a><\/p>\n","protected":false},"excerpt":{"rendered":"<p>Enlev\u00e9s le 26 avril dernier dans la r\u00e9gion de l\u2019Est du Burkina, deux Espagnols et un Irlandais ont \u00e9t\u00e9 ex\u00e9cut\u00e9s par leurs ravisseurs et ce, en moins de 24 heures. En effet, des t\u00e9moins encore sous le choc, affirment avoir d\u00e9couvert trois corps inanim\u00e9s de peau claire dans la r\u00e9serve de Pama situ\u00e9e au Sud [&hellip;]<\/p>\n","protected":false},"author":1813,"featured_media":0,"comment_status":"closed","ping_status":"closed","sticky":false,"template":"","format":"standard","meta":{"fifu_image_url":"https:\/\/i0.wp.com\/lepays.bf\/wp-content\/uploads\/2021\/04\/EXECUTION-2.jpg?resize=300,168&ssl=1","fifu_image_alt":"EXECUTION D\u2019OCCIDENTAUX ENLEVES AU BURKINA","footnotes":""},"categories":[73,81],"tags":[],"class_list":["post-115722","post","type-post","status-publish","format-standard","hentry","category-actualite","category-burkina-faso"],"_links":{"self":[{"href":"https:\/\/linitiative.ca\/International\/wp-json\/wp\/v2\/posts\/115722","targetHints":{"allow":["GET"]}}],"collection":[{"href":"https:\/\/linitiative.ca\/International\/wp-json\/wp\/v2\/posts"}],"about":[{"href":"https:\/\/linitiative.ca\/International\/wp-json\/wp\/v2\/types\/post"}],"author":[{"embeddable":true,"href":"https:\/\/linitiative.ca\/International\/wp-json\/wp\/v2\/users\/1813"}],"replies":[{"embeddable":true,"href":"https:\/\/linitiative.ca\/International\/wp-json\/wp\/v2\/comments?post=115722"}],"version-history":[{"count":0,"href":"https:\/\/linitiative.ca\/International\/wp-json\/wp\/v2\/posts\/115722\/revisions"}],"wp:attachment":[{"href":"https:\/\/linitiative.ca\/International\/wp-json\/wp\/v2\/media?parent=115722"}],"wp:term":[{"taxonomy":"category","embeddable":true,"href":"https:\/\/linitiative.ca\/International\/wp-json\/wp\/v2\/categories?post=115722"},{"taxonomy":"post_tag","embeddable":true,"href":"https:\/\/linitiative.ca\/International\/wp-json\/wp\/v2\/tags?post=115722"}],"curies":[{"name":"wp","href":"https:\/\/api.w.org\/{rel}","templated":true}]}}