{"id":115725,"date":"2021-04-27T11:17:07","date_gmt":"2021-04-27T15:17:07","guid":{"rendered":"https:\/\/linitiative.ca\/International\/me-benewende-sankara-dans-les-locaux-de-limprimerie-de-sidwaya\/"},"modified":"2021-04-27T11:17:07","modified_gmt":"2021-04-27T15:17:07","slug":"me-benewende-sankara-dans-les-locaux-de-limprimerie-de-sidwaya","status":"publish","type":"post","link":"https:\/\/linitiative.ca\/International\/me-benewende-sankara-dans-les-locaux-de-limprimerie-de-sidwaya\/","title":{"rendered":"Me B\u00e9n\u00e9wend\u00e9 Sankara dans les locaux de l\u2019imprimerie de Sidwaya"},"content":{"rendered":"<article id=\"post-34818\" class=\"post-34818 post type-post status-publish format-video category-societe post_format-post-format-video\" itemscope=\"itemscope\" itemtype=\"https:\/\/schema.org\/Article\">\n<div class=\"td-post-content tagdiv-type\">\n<p><span class=\"embed-youtube c2\"><iframe loading=\"lazy\" class=\"youtube-player c1\" width=\"696\" height=\"392\" src=\"https:\/\/www.youtube.com\/embed\/U4Bk1S7RcaQ?version=3&amp;rel=1&amp;showsearch=0&amp;showinfo=1&amp;iv_load_policy=1&amp;fs=1&amp;hl=fr-FR&amp;autohide=2&amp;wmode=transparent\" allowfullscreen=\"true\" sandbox=\"allow-scripts allow-same-origin allow-popups allow-presentation\">[embedded content]<\/iframe><\/span><\/p>\n<div class=\"td-a-rec td-a-rec-id-content_bottom tdi_33_008 td_block_template_1\">\n<style><![CDATA[\n<![CDATA[\n\/* custom css *\/\n.tdi_33_008.td-a-rec{\n                                        text-align: center;\n                                }.tdi_33_008 .td-element-style{\n                                        z-index: -1;\n                                }.tdi_33_008.td-a-rec-img{\n                                    text-align: left;\n                                }.tdi_33_008.td-a-rec-img img{\n                    margin: 0 auto 0 0;\n                }@media (max-width: 767px) {\n                                    .tdi_33_008.td-a-rec-img {\n                                        text-align: center;\n                                    }\n                }\n]]]]><![CDATA[>\n]]><\/style>\n<p><img loading=\"lazy\" decoding=\"async\" class=\"aligncenter size-full wp-image-27454\" src=\"https:\/\/www.sidwaya.info\/wp-content\/uploads\/2020\/10\/PUB-Bandeau-paiement-mobile-siteweb.jpg\" alt=\"\" width=\"728\" height=\"90\"\/><\/div>\n<\/div>\n<footer>\n<div class=\"td-post-sharing-bottom\">\n<p><iframe frameborder=\"0\" src=\"https:\/\/www.facebook.com\/plugins\/like.php?href=https:\/\/www.sidwaya.info\/blog\/2021\/04\/27\/me-benewende-sankara-dans-les-locaux-de-limprimerie-de-sidwaya\/&amp;layout=button_count&amp;show_faces=false&amp;width=105&amp;action=like&amp;colorscheme=light&amp;height=21\" class=\"c3\">[embedded content]<\/iframe><\/p>\n<\/div>\n<div class=\"td-block-row td-post-next-prev\">\n<div class=\"td-block-span6 td-post-prev-post td-post-next-prev-content\"><span>Article pr\u00e9c\u00e9dent<\/span><a href=\"https:\/\/www.sidwaya.info\/blog\/2021\/04\/26\/une-27-04-2021\/\">Une 27-04-2021<\/a><\/div>\n<div class=\"td-block-span6 td-post-next-post td-post-next-prev-content\"><span>Article suivant<\/span><a href=\"https:\/\/www.sidwaya.info\/blog\/2021\/04\/27\/axe-fada-pama-attaque-dun-convoi-de-fds-et-dexpatries\/\">Axe Fada-Pama: Attaque d\u2019un convoi de FDS et d\u2019expatri\u00e9s<\/a><\/div>\n<\/div>\n<p><meta itemprop=\"name\" content=\"BS. Sidwaya\"\/><br \/>\n<meta itemprop=\"datePublished\" content=\"2021-04-27T15:17:07+00:00\"\/><br \/>\n<meta itemprop=\"dateModified\" content=\"2021-04-27T15:17:07+00:00\"\/><br \/>\n<meta itemscope=\"itemscope\" itemprop=\"mainEntityOfPage\" itemtype=\"https:\/\/schema.org\/WebPage\" itemid=\"https:\/\/www.sidwaya.info\/blog\/2021\/04\/27\/me-benewende-sankara-dans-les-locaux-de-limprimerie-de-sidwaya\/\"\/><br \/>\n<meta itemprop=\"url\" content=\"https:\/\/www.sidwaya.info\/wp-content\/uploads\/2019\/08\/sidwaya-bon-544-1.jpg\"\/><br \/>\n<meta itemprop=\"name\" content=\"Quotidien Sidwaya\"\/><br \/>\n<meta itemprop=\"headline\" content=\"Me B\u00e9n\u00e9wend\u00e9 Sankara dans les locaux de l'imprimerie de Sidwaya\"\/><br \/>\n<meta itemprop=\"url\" content=\"https:\/\/www.sidwaya.info\/wp-content\/themes\/Newspaper%203\/images\/no-thumb\/td_meta_replacement.png\"\/><br \/>\n<meta itemprop=\"width\" content=\"1068\"\/><br \/>\n<meta itemprop=\"height\" content=\"580\"\/><\/footer>\n<\/article>\n<p>Auteur: BS. Sidwaya<br \/>\n<a href=\"https:\/\/www.sidwaya.info\/blog\/2021\/04\/27\/me-benewende-sankara-dans-les-locaux-de-limprimerie-de-sidwaya\/\">Cliquez ici pour lire l&rsquo;article depuis sa source.<\/a><\/p>\n","protected":false},"excerpt":{"rendered":"<p>[embedded content] [embedded content] Article pr\u00e9c\u00e9dentUne 27-04-2021 Article suivantAxe Fada-Pama: Attaque d\u2019un convoi de FDS et d\u2019expatri\u00e9s Auteur: BS. Sidwaya Cliquez ici pour lire l&rsquo;article depuis sa source.<\/p>\n","protected":false},"author":1816,"featured_media":0,"comment_status":"closed","ping_status":"closed","sticky":false,"template":"","format":"standard","meta":{"fifu_image_url":"https:\/\/www.sidwaya.info\/wp-content\/uploads\/2020\/10\/PUB-Bandeau-paiement-mobile-siteweb.jpg","fifu_image_alt":"Me B\u00e9n\u00e9wend\u00e9 Sankara dans les locaux de l\u2019imprimerie de Sidwaya","footnotes":""},"categories":[73,81],"tags":[],"class_list":["post-115725","post","type-post","status-publish","format-standard","hentry","category-actualite","category-burkina-faso"],"_links":{"self":[{"href":"https:\/\/linitiative.ca\/International\/wp-json\/wp\/v2\/posts\/115725","targetHints":{"allow":["GET"]}}],"collection":[{"href":"https:\/\/linitiative.ca\/International\/wp-json\/wp\/v2\/posts"}],"about":[{"href":"https:\/\/linitiative.ca\/International\/wp-json\/wp\/v2\/types\/post"}],"author":[{"embeddable":true,"href":"https:\/\/linitiative.ca\/International\/wp-json\/wp\/v2\/users\/1816"}],"replies":[{"embeddable":true,"href":"https:\/\/linitiative.ca\/International\/wp-json\/wp\/v2\/comments?post=115725"}],"version-history":[{"count":0,"href":"https:\/\/linitiative.ca\/International\/wp-json\/wp\/v2\/posts\/115725\/revisions"}],"wp:attachment":[{"href":"https:\/\/linitiative.ca\/International\/wp-json\/wp\/v2\/media?parent=115725"}],"wp:term":[{"taxonomy":"category","embeddable":true,"href":"https:\/\/linitiative.ca\/International\/wp-json\/wp\/v2\/categories?post=115725"},{"taxonomy":"post_tag","embeddable":true,"href":"https:\/\/linitiative.ca\/International\/wp-json\/wp\/v2\/tags?post=115725"}],"curies":[{"name":"wp","href":"https:\/\/api.w.org\/{rel}","templated":true}]}}