{"id":115726,"date":"2021-04-27T11:18:21","date_gmt":"2021-04-27T15:18:21","guid":{"rendered":"https:\/\/linitiative.ca\/International\/axe-fada-pama-attaque-dun-convoi-de-fds-et-dexpatries\/"},"modified":"2021-04-27T11:18:21","modified_gmt":"2021-04-27T15:18:21","slug":"axe-fada-pama-attaque-dun-convoi-de-fds-et-dexpatries","status":"publish","type":"post","link":"https:\/\/linitiative.ca\/International\/axe-fada-pama-attaque-dun-convoi-de-fds-et-dexpatries\/","title":{"rendered":"Axe Fada-Pama: Attaque d\u2019un convoi de FDS et d\u2019expatri\u00e9s"},"content":{"rendered":"<div class=\"td-post-content tagdiv-type\" readability=\"32.264367816092\">\n<p>Communiqu\u00e9 du gouvernement sur l\u2019attaque d\u2019un convoi de FDS et d\u2019expatri\u00e9s dans l\u2019Est du Burkina<\/p>\n<p><a href=\"https:\/\/www.sidwaya.info\/wp-content\/uploads\/2021\/04\/Communique%CC%81_Attaque-axe-Fada_Pama-1.pdf\">Communique\u0301_Attaque axe Fada_Pama<\/a><\/p>\n<div class=\"td-a-rec td-a-rec-id-content_bottom tdi_33_737 td_block_template_1\">\n<style><![CDATA[\n<![CDATA[\n\/* custom css *\/\n.tdi_33_737.td-a-rec{\n                                        text-align: center;\n                                }.tdi_33_737 .td-element-style{\n                                        z-index: -1;\n                                }.tdi_33_737.td-a-rec-img{\n                                    text-align: left;\n                                }.tdi_33_737.td-a-rec-img img{\n                    margin: 0 auto 0 0;\n                }@media (max-width: 767px) {\n                                    .tdi_33_737.td-a-rec-img {\n                                        text-align: center;\n                                    }\n                }\n]]]]><![CDATA[>\n]]><\/style>\n<p><img loading=\"lazy\" decoding=\"async\" class=\"aligncenter size-full wp-image-27454\" src=\"https:\/\/www.sidwaya.info\/wp-content\/uploads\/2020\/10\/PUB-Bandeau-paiement-mobile-siteweb.jpg\" alt=\"\" width=\"728\" height=\"90\"\/><\/div>\n<\/div>\n<footer>\n<div class=\"td-post-sharing-bottom\">\n<p><iframe frameborder=\"0\" src=\"https:\/\/www.facebook.com\/plugins\/like.php?href=https:\/\/www.sidwaya.info\/blog\/2021\/04\/27\/axe-fada-pama-attaque-dun-convoi-de-fds-et-dexpatries\/&amp;layout=button_count&amp;show_faces=false&amp;width=105&amp;action=like&amp;colorscheme=light&amp;height=21\" class=\"c1\">[embedded content]<\/iframe><\/p>\n<\/div>\n<div class=\"td-block-row td-post-next-prev\">\n<div class=\"td-block-span6 td-post-prev-post td-post-next-prev-content\"><span>Article pr\u00e9c\u00e9dent<\/span><a href=\"https:\/\/www.sidwaya.info\/blog\/2021\/04\/27\/me-benewende-sankara-dans-les-locaux-de-limprimerie-de-sidwaya\/\">Me B\u00e9n\u00e9wend\u00e9 Sankara dans les locaux de l\u2019imprimerie de Sidwaya<\/a><\/div>\n<\/div>\n<p><meta itemprop=\"name\" content=\"Wamini SIDWAYA\"\/><br \/>\n<meta itemprop=\"datePublished\" content=\"2021-04-27T15:18:21+00:00\"\/><br \/>\n<meta itemprop=\"dateModified\" content=\"2021-04-27T15:19:22+00:00\"\/><br \/>\n<meta itemscope=\"itemscope\" itemprop=\"mainEntityOfPage\" itemtype=\"https:\/\/schema.org\/WebPage\" itemid=\"https:\/\/www.sidwaya.info\/blog\/2021\/04\/27\/axe-fada-pama-attaque-dun-convoi-de-fds-et-dexpatries\/\"\/><br \/>\n<meta itemprop=\"url\" content=\"https:\/\/www.sidwaya.info\/wp-content\/uploads\/2019\/08\/sidwaya-bon-544-1.jpg\"\/><br \/>\n<meta itemprop=\"name\" content=\"Quotidien Sidwaya\"\/><br \/>\n<meta itemprop=\"headline\" content=\"Axe Fada-Pama: Attaque d'un convoi de FDS et d'expatri\u00e9s\"\/><br \/>\n<meta itemprop=\"url\" content=\"https:\/\/www.sidwaya.info\/wp-content\/themes\/Newspaper%203\/images\/no-thumb\/td_meta_replacement.png\"\/><br \/>\n<meta itemprop=\"width\" content=\"1068\"\/><br \/>\n<meta itemprop=\"height\" content=\"580\"\/><\/footer>\n<p>Auteur: Wamini SIDWAYA<br \/>\n<a href=\"https:\/\/www.sidwaya.info\/blog\/2021\/04\/27\/axe-fada-pama-attaque-dun-convoi-de-fds-et-dexpatries\/\">Cliquez ici pour lire l&rsquo;article depuis sa source.<\/a><\/p>\n","protected":false},"excerpt":{"rendered":"<p>Communiqu\u00e9 du gouvernement sur l\u2019attaque d\u2019un convoi de FDS et d\u2019expatri\u00e9s dans l\u2019Est du Burkina Communique\u0301_Attaque axe Fada_Pama [embedded content] Article pr\u00e9c\u00e9dentMe B\u00e9n\u00e9wend\u00e9 Sankara dans les locaux de l\u2019imprimerie de Sidwaya Auteur: Wamini SIDWAYA Cliquez ici pour lire l&rsquo;article depuis sa source.<\/p>\n","protected":false},"author":1816,"featured_media":0,"comment_status":"closed","ping_status":"closed","sticky":false,"template":"","format":"standard","meta":{"fifu_image_url":"https:\/\/www.sidwaya.info\/wp-content\/uploads\/2020\/10\/PUB-Bandeau-paiement-mobile-siteweb.jpg","fifu_image_alt":"Axe Fada-Pama: Attaque d\u2019un convoi de FDS et d\u2019expatri\u00e9s","footnotes":""},"categories":[73,81],"tags":[],"class_list":["post-115726","post","type-post","status-publish","format-standard","hentry","category-actualite","category-burkina-faso"],"_links":{"self":[{"href":"https:\/\/linitiative.ca\/International\/wp-json\/wp\/v2\/posts\/115726","targetHints":{"allow":["GET"]}}],"collection":[{"href":"https:\/\/linitiative.ca\/International\/wp-json\/wp\/v2\/posts"}],"about":[{"href":"https:\/\/linitiative.ca\/International\/wp-json\/wp\/v2\/types\/post"}],"author":[{"embeddable":true,"href":"https:\/\/linitiative.ca\/International\/wp-json\/wp\/v2\/users\/1816"}],"replies":[{"embeddable":true,"href":"https:\/\/linitiative.ca\/International\/wp-json\/wp\/v2\/comments?post=115726"}],"version-history":[{"count":0,"href":"https:\/\/linitiative.ca\/International\/wp-json\/wp\/v2\/posts\/115726\/revisions"}],"wp:attachment":[{"href":"https:\/\/linitiative.ca\/International\/wp-json\/wp\/v2\/media?parent=115726"}],"wp:term":[{"taxonomy":"category","embeddable":true,"href":"https:\/\/linitiative.ca\/International\/wp-json\/wp\/v2\/categories?post=115726"},{"taxonomy":"post_tag","embeddable":true,"href":"https:\/\/linitiative.ca\/International\/wp-json\/wp\/v2\/tags?post=115726"}],"curies":[{"name":"wp","href":"https:\/\/api.w.org\/{rel}","templated":true}]}}