{"id":115727,"date":"2021-04-27T13:18:02","date_gmt":"2021-04-27T17:18:02","guid":{"rendered":"https:\/\/linitiative.ca\/International\/loif-annonce-une-mission-au-tchad\/"},"modified":"2021-04-27T13:18:02","modified_gmt":"2021-04-27T17:18:02","slug":"loif-annonce-une-mission-au-tchad","status":"publish","type":"post","link":"https:\/\/linitiative.ca\/International\/loif-annonce-une-mission-au-tchad\/","title":{"rendered":"L\u2019OIF annonce une mission au Tchad"},"content":{"rendered":"<div readability=\"32\">\n<p>Publi\u00e9 le 27.04.2021 \u00e0 18h18 par APA News<\/p>\n<\/div>\n<div readability=\"71\">\n<p>L\u2019Organisation internationale de la francophonie pr\u00e9voit d\u2019envoyer une mission au Tchad.Sa Secr\u00e9taire g\u00e9n\u00e9rale, Louise Mushikiwabo, dit suivre avec une grande attention l\u2019\u00e9volution de la situation au Tchad, suite au d\u00e9c\u00e8s du pr\u00e9sident Idriss Deby Itno.<\/p>\n<p>\u00ab Apr\u00e8s en avoir inform\u00e9 les autorit\u00e9s nationales, elle enverra dans les prochains jours une mission d\u2019information et de contacts au Tchad. Cette mission rencontrera les autorit\u00e9s de la transition, les acteurs politiques et sociaux tchadiens ainsi que les partenaires internationaux sur place, afin d\u2019\u00e9changer sur la situation politique et s\u00e9curitaire du pays et sur les perspectives de gestion apais\u00e9e de la transition\u00a0\u00bb, rapporte un communiqu\u00e9 de presse.<\/p>\n<p>La mission de la francophonie se concertera notamment avec celle mandat\u00e9e par le Conseil de paix et de s\u00e9curit\u00e9 de l\u2019Union africaine.<\/p>\n<p>Selon le communiqu\u00e9, Mme Mushikiwabo exprime \u00ab son ferme attachement \u00e0 l\u2019int\u00e9grit\u00e9 territoriale \u00bb de ce pays d\u2019Afrique centrale. Elle condamne les violences et invite tous les acteurs tchadiens \u00e0 pr\u00e9server la stabilit\u00e9 et la paix sociale, \u00e0 assurer la s\u00e9curit\u00e9 des populations civiles. La patronne de l\u2019OIF rappelle la n\u00e9cessit\u00e9 de garantir, en toutes circonstances, le respect et la protection des droits et libert\u00e9s.<\/p>\n<p>Elle dit prendre acte de la mise en place d\u2019un Conseil Militaire de Transition (CMT), de la suspension de la Constitution ainsi que de la dissolution de l\u2019Assembl\u00e9e nationale et du gouvernement prononc\u00e9es par le CMT.<\/p>\n<p>La Secr\u00e9taire g\u00e9n\u00e9rale marque sa pr\u00e9occupation devant la rupture de l\u2019ordre constitutionnel et d\u00e9mocratique au sens de la D\u00e9claration de Bamako du 3 novembre 2000.<\/p>\n<p>Louise Mushikiwabo encourage les autorit\u00e9s de fait \u00e0 engager rapidement un dialogue avec l\u2019ensemble des acteurs sociopolitiques en vue de pr\u00e9server la paix et la stabilit\u00e9 du pays et de mettre en place une transition inclusive, devant conduire \u00e0 des \u00e9lections libres et transparentes.<\/p>\n<\/div>\n<p>Auteur: APA News<br \/>\n<a href=\"https:\/\/www.journalducameroun.com\/loif-annonce-une-mission-au-tchad\/\">Cliquez ici pour lire l&rsquo;article depuis sa source.<\/a><\/p>\n","protected":false},"excerpt":{"rendered":"<p>Publi\u00e9 le 27.04.2021 \u00e0 18h18 par APA News L\u2019Organisation internationale de la francophonie pr\u00e9voit d\u2019envoyer une mission au Tchad.Sa Secr\u00e9taire g\u00e9n\u00e9rale, Louise Mushikiwabo, dit suivre avec une grande attention l\u2019\u00e9volution de la situation au Tchad, suite au d\u00e9c\u00e8s du pr\u00e9sident Idriss Deby Itno. \u00ab Apr\u00e8s en avoir inform\u00e9 les autorit\u00e9s nationales, elle enverra dans les [&hellip;]<\/p>\n","protected":false},"author":1965,"featured_media":0,"comment_status":"closed","ping_status":"closed","sticky":false,"template":"","format":"standard","meta":{"fifu_image_url":"","fifu_image_alt":"","footnotes":""},"categories":[73,82],"tags":[],"class_list":["post-115727","post","type-post","status-publish","format-standard","hentry","category-actualite","category-cameroun"],"_links":{"self":[{"href":"https:\/\/linitiative.ca\/International\/wp-json\/wp\/v2\/posts\/115727","targetHints":{"allow":["GET"]}}],"collection":[{"href":"https:\/\/linitiative.ca\/International\/wp-json\/wp\/v2\/posts"}],"about":[{"href":"https:\/\/linitiative.ca\/International\/wp-json\/wp\/v2\/types\/post"}],"author":[{"embeddable":true,"href":"https:\/\/linitiative.ca\/International\/wp-json\/wp\/v2\/users\/1965"}],"replies":[{"embeddable":true,"href":"https:\/\/linitiative.ca\/International\/wp-json\/wp\/v2\/comments?post=115727"}],"version-history":[{"count":0,"href":"https:\/\/linitiative.ca\/International\/wp-json\/wp\/v2\/posts\/115727\/revisions"}],"wp:attachment":[{"href":"https:\/\/linitiative.ca\/International\/wp-json\/wp\/v2\/media?parent=115727"}],"wp:term":[{"taxonomy":"category","embeddable":true,"href":"https:\/\/linitiative.ca\/International\/wp-json\/wp\/v2\/categories?post=115727"},{"taxonomy":"post_tag","embeddable":true,"href":"https:\/\/linitiative.ca\/International\/wp-json\/wp\/v2\/tags?post=115727"}],"curies":[{"name":"wp","href":"https:\/\/api.w.org\/{rel}","templated":true}]}}