{"id":115728,"date":"2021-04-27T13:18:03","date_gmt":"2021-04-27T17:18:03","guid":{"rendered":"https:\/\/linitiative.ca\/International\/somalie-la-lutte-pour-le-pouvoir-sintensifie\/"},"modified":"2021-04-27T13:18:03","modified_gmt":"2021-04-27T17:18:03","slug":"somalie-la-lutte-pour-le-pouvoir-sintensifie","status":"publish","type":"post","link":"https:\/\/linitiative.ca\/International\/somalie-la-lutte-pour-le-pouvoir-sintensifie\/","title":{"rendered":"Somalie : la lutte pour le pouvoir s\u2019intensifie"},"content":{"rendered":"<div readability=\"32\">\n<p>Publi\u00e9 le 27.04.2021 \u00e0 18h18 par APA News<\/p>\n<\/div>\n<div readability=\"77\">\n<p>De nouveaux combats violents ont \u00e9t\u00e9 signal\u00e9s ce mardi dans la capitale, Mogadiscio.Le pr\u00e9sident Mohamed Abdullahi Farmajo a prolong\u00e9 son mandat, malgr\u00e9 le fait qu\u2019il soit arriv\u00e9 \u00e0 son terme le 8 f\u00e9vrier dernier avec la tenue d\u2019\u00e9lections pour choisir un nouveau chef d\u2019Etat.<\/p>\n<p>Depuis lors, des affrontements ont \u00e9clat\u00e9 par intermittence entre ses partisans au sein de l\u2019arm\u00e9e et les factions de l\u2019arm\u00e9e soutenant l\u2019opposition, qui consid\u00e8rent son maintien au pouvoir comme un \u00ab coup d\u2019\u00c9tat inconstitutionnel \u00bb.<\/p>\n<p>Les deux camps se sont retranch\u00e9s dans les environs de Mogadiscio o\u00f9, selon des t\u00e9moins, les forces en pr\u00e9sence se sont livr\u00e9es \u00e0 des combats au corps \u00e0 corps.<\/p>\n<p>La plupart des violences, comme dans un pass\u00e9 r\u00e9cent, seraient bas\u00e9es sur le clan.<\/p>\n<p>Les habitants terrifi\u00e9s ont fui la ville en masse, craignant de nouveaux affrontements dans les jours \u00e0 venir apr\u00e8s les violents combats de dimanche.<\/p>\n<p>Des m\u00e9dias ind\u00e9pendants ont \u00e9t\u00e9 attaqu\u00e9s par les troupes fid\u00e8les \u00e0 M. Farmajo, dont l\u2019opposition ne reconna\u00eet plus la l\u00e9gitimit\u00e9.<\/p>\n<p>La communaut\u00e9 internationale a \u00e9galement refus\u00e9 de soutenir sa tentative de rester au pouvoir apr\u00e8s l\u2019\u00e9chec de l\u2019organisation d\u2019\u00e9lections cruciales au d\u00e9but de l\u2019ann\u00e9e.<\/p>\n<p>Certains des mutins sont issus d\u2019une ancienne milice int\u00e9gr\u00e9e \u00e0 l\u2019arm\u00e9e r\u00e9guli\u00e8re.<\/p>\n<p>Le pr\u00e9sident Mohamed Abdullahi Farmajo a unilat\u00e9ralement prolong\u00e9 son mandat contre l\u2019avis de la communaut\u00e9 internationale. Depuis, la f\u00e9d\u00e9ration somalienne s\u2019est enfonc\u00e9e dans une crise politique.<\/p>\n<p>Le pays est secou\u00e9 par l\u2019instabilit\u00e9 depuis que Siad Barre, le dirigeant de longue date, a \u00e9t\u00e9 renvers\u00e9 par une insurrection arm\u00e9e en 1991.<\/p>\n<p>L\u2019Organisation de la coop\u00e9ration islamique (OCI) a appel\u00e9 les Somaliens \u00e0 opter pour le dialogue afin d\u2019\u00e9viter une nouvelle escalade de la violence.<\/p>\n<\/div>\n<p>Auteur: APA News<br \/>\n<a href=\"https:\/\/www.journalducameroun.com\/somalie-la-lutte-pour-le-pouvoir-sintensifie\/\">Cliquez ici pour lire l&rsquo;article depuis sa source.<\/a><\/p>\n","protected":false},"excerpt":{"rendered":"<p>Publi\u00e9 le 27.04.2021 \u00e0 18h18 par APA News De nouveaux combats violents ont \u00e9t\u00e9 signal\u00e9s ce mardi dans la capitale, Mogadiscio.Le pr\u00e9sident Mohamed Abdullahi Farmajo a prolong\u00e9 son mandat, malgr\u00e9 le fait qu\u2019il soit arriv\u00e9 \u00e0 son terme le 8 f\u00e9vrier dernier avec la tenue d\u2019\u00e9lections pour choisir un nouveau chef d\u2019Etat. Depuis lors, des [&hellip;]<\/p>\n","protected":false},"author":1965,"featured_media":0,"comment_status":"closed","ping_status":"closed","sticky":false,"template":"","format":"standard","meta":{"fifu_image_url":"","fifu_image_alt":"","footnotes":""},"categories":[73,82],"tags":[],"class_list":["post-115728","post","type-post","status-publish","format-standard","hentry","category-actualite","category-cameroun"],"_links":{"self":[{"href":"https:\/\/linitiative.ca\/International\/wp-json\/wp\/v2\/posts\/115728","targetHints":{"allow":["GET"]}}],"collection":[{"href":"https:\/\/linitiative.ca\/International\/wp-json\/wp\/v2\/posts"}],"about":[{"href":"https:\/\/linitiative.ca\/International\/wp-json\/wp\/v2\/types\/post"}],"author":[{"embeddable":true,"href":"https:\/\/linitiative.ca\/International\/wp-json\/wp\/v2\/users\/1965"}],"replies":[{"embeddable":true,"href":"https:\/\/linitiative.ca\/International\/wp-json\/wp\/v2\/comments?post=115728"}],"version-history":[{"count":0,"href":"https:\/\/linitiative.ca\/International\/wp-json\/wp\/v2\/posts\/115728\/revisions"}],"wp:attachment":[{"href":"https:\/\/linitiative.ca\/International\/wp-json\/wp\/v2\/media?parent=115728"}],"wp:term":[{"taxonomy":"category","embeddable":true,"href":"https:\/\/linitiative.ca\/International\/wp-json\/wp\/v2\/categories?post=115728"},{"taxonomy":"post_tag","embeddable":true,"href":"https:\/\/linitiative.ca\/International\/wp-json\/wp\/v2\/tags?post=115728"}],"curies":[{"name":"wp","href":"https:\/\/api.w.org\/{rel}","templated":true}]}}