{"id":115731,"date":"2021-04-27T17:18:02","date_gmt":"2021-04-27T21:18:02","guid":{"rendered":"https:\/\/linitiative.ca\/International\/macky-sall-parrain-de-la-promotion-young-leaders-2021\/"},"modified":"2021-04-27T17:18:02","modified_gmt":"2021-04-27T21:18:02","slug":"macky-sall-parrain-de-la-promotion-young-leaders-2021","status":"publish","type":"post","link":"https:\/\/linitiative.ca\/International\/macky-sall-parrain-de-la-promotion-young-leaders-2021\/","title":{"rendered":"Macky Sall parrain de la promotion Young Leaders 2021"},"content":{"rendered":"<div readability=\"32\">\n<p>Publi\u00e9 le 27.04.2021 \u00e0 22h18 par APA News<\/p>\n<\/div>\n<div readability=\"132\">\n<p>Le chef de l\u2019Etat s\u00e9n\u00e9galais Macky Sall a marqu\u00e9 son accord d\u2019\u00eatre le parrain de la promotion Young Leaders 2021 de la French-African Foundation.<\/p>\n<p>L\u2019information est rapport\u00e9e par une note d\u2019information transmise \u00e0 APA. \u00c9tablie en f\u00e9vrier 2019, la \u00ab\u00a0French-African Foundation\u00a0\u00bb a pour mission d\u2019identifier et de valoriser les talents les plus prometteurs sur la sc\u00e8ne \u00e9conomique, politique, universitaire, sociale et culturelle franco-africaine.\u00a0<\/p>\n<p>Elle vise \u00e9galement \u00e0 soutenir le potentiel de leadership et de management de cette nouvelle g\u00e9n\u00e9ration \u00e0 travers son programme phare \u00ab\u00a0Young Leaders\u00a0\u00bb. En 2021, ce programme r\u00e9unira 100 \u00ab\u00a0young leaders\u00a0\u00bb qui seront s\u00e9lectionn\u00e9s par un jury form\u00e9 par 28 personnalit\u00e9s d\u2019Afrique et de France.<\/p>\n<p>Un\u00a0comit\u00e9 ind\u00e9pendant\u00a0compos\u00e9 de d\u00e9cideurs publics et de dirigeants du monde des Affaires, a \u00e9t\u00e9 mis en place pour s\u00e9lectionner les 100 nouveaux Young Leaders 2021 de la French-African Foundation.<\/p>\n<p>Ces personnalit\u00e9s de la relation franco-africaine ont jusqu\u2019au 10 mai pour contribuer \u00e0 l\u2019identification des cent laur\u00e9ats qui composeront la promotion 2021. Le comit\u00e9 a pour r\u00f4le de d\u00e9terminer la composition de la prochaine promotion de Young Leaders.\u00a0<\/p>\n<p>Le comit\u00e9 rassemble des d\u00e9cideurs venus notamment de France et d\u2019Afrique francophone et du monde anglophone. Les membres du comit\u00e9 occupent des fonctions minist\u00e9rielles (Romuald Wadagni, ministre de l\u2019\u00c9conomie et des finances du B\u00e9nin ; Ursula Owuzu, ministre ghan\u00e9enne des T\u00e9l\u00e9communications).<\/p>\n<p>D\u2019autres \u00e9voluent dans des institutions de d\u00e9veloppement tels que Chinelo Anohu, directrice principale de l\u2019Africa Investment Forum; B\u00e9atrice Lederl\u00e9, directrice adjointe du d\u00e9partement Afrique de l\u2019AFD) ou des organismes de recrutement et de formation (Didier Acouetey, CEO AfricSearch). \u00a0<\/p>\n<p>L\u2019on note \u00e9galement des personnalit\u00e9s \u00e0 la t\u00eate de holding (Hassanein Hiridjee, PDG du groupe malgache Axian ; Mohammed Dewji, PDG de METL) et des acteurs majeurs de l\u2019univers m\u00e9diatique panafricain (Marwane Ben Yahmed, directeur de la publication du Groupe Jeune Afrique). \u00a0<\/p>\n<p>Des laur\u00e9ates des pr\u00e9c\u00e9dentes promotions du programme phare de la French-African Foundation sont \u00e9galement pr\u00e9sentes (Aminata Kane, CEO d\u2019Orange Sierra Leone ; Khady Kon\u00e9-Dicoh, Partner chez Amethis) dans le comit\u00e9 de s\u00e9lection. \u00a0<\/p>\n<p>Alexandre Coster, co-fondateur et co-pr\u00e9sident de la French-African Foundation, lui, se f\u00e9licite de ce que l\u2019\u00e9dition 2021 du programme soit marqu\u00e9e par \u00ab\u00a0la mont\u00e9e en puissance du dispositif, la diversit\u00e9 et la qualit\u00e9 de la composition du comit\u00e9 de s\u00e9lection, dont l\u2019effectif a \u00e9t\u00e9 tripl\u00e9, consacrent la reconnaissance institutionnelle du programme Young Leaders\u00a0\u00bb. \u00a0<\/p>\n<p>\u00ab\u00a0Cela marque \u00e9galement notre volont\u00e9 de rapprocher les g\u00e9n\u00e9rations de d\u00e9cideurs d\u2019aujourd\u2019hui et de demain pour accompagner l\u2019\u00e9mergence de cette rel\u00e8ve cr\u00e9ative, ambitieuse et pr\u00eate \u00e0 s\u2019engager pour co-construire le monde de demain \u00a0\u00bb, a\u2013t-il ajout\u00e9. \u00a0<\/p>\n<p>Afin de s\u00e9lectionner les candidats les plus prometteurs, les jur\u00e9s proc\u00e9deront \u00e0 des entretiens \u00e0 distance en association avec des membres de la French-African Foundation. Le 10 mai, ce comit\u00e9 \u00e9largi se rassemblera pour un dernier vote afin de constituer le groupe final.<\/p>\n<p>Et ce, dans le strict respect de la parit\u00e9, et avec une attention port\u00e9e \u00e0 la repr\u00e9sentativit\u00e9 par secteur, r\u00e9gion d\u2019Afrique et pays, souligne la note qui mentionne que la composition de la promotion 2021 sera d\u00e9voil\u00e9e courant mai. \u00a0<\/p>\n<p>Ce processus ouvre la voie aux deux sessions du programme Young Leaders sur le th\u00e8me de la r\u00e9silience, en France et au S\u00e9n\u00e9gal, qui permettront aux laur\u00e9ats de b\u00e9n\u00e9ficier d\u2019opportunit\u00e9s uniques de mentorat, de formation et de networking avec des dirigeants des secteurs public et priv\u00e9.<\/p>\n<p>La Fondation offre la possibilit\u00e9 \u00e0 ses laur\u00e9ats de participer \u00e0 deux s\u00e9minaires, en France et en Afrique, pour d\u00e9velopper leur leadership, \u00e9changer avec des hauts dirigeants du secteur public et du secteur priv\u00e9, et proposer, ensemble une r\u00e9flexion sur des th\u00e9matiques-cl\u00e9s.\u00a0<\/p>\n<\/div>\n<p>Auteur: APA News<br \/>\n<a href=\"https:\/\/www.journalducameroun.com\/macky-sall-parrain-de-la-promotion-young-leaders-2021\/\">Cliquez ici pour lire l&rsquo;article depuis sa source.<\/a><\/p>\n","protected":false},"excerpt":{"rendered":"<p>Publi\u00e9 le 27.04.2021 \u00e0 22h18 par APA News Le chef de l\u2019Etat s\u00e9n\u00e9galais Macky Sall a marqu\u00e9 son accord d\u2019\u00eatre le parrain de la promotion Young Leaders 2021 de la French-African Foundation. L\u2019information est rapport\u00e9e par une note d\u2019information transmise \u00e0 APA. \u00c9tablie en f\u00e9vrier 2019, la \u00ab\u00a0French-African Foundation\u00a0\u00bb a pour mission d\u2019identifier et de [&hellip;]<\/p>\n","protected":false},"author":1965,"featured_media":0,"comment_status":"closed","ping_status":"closed","sticky":false,"template":"","format":"standard","meta":{"fifu_image_url":"","fifu_image_alt":"","footnotes":""},"categories":[73,82],"tags":[],"class_list":["post-115731","post","type-post","status-publish","format-standard","hentry","category-actualite","category-cameroun"],"_links":{"self":[{"href":"https:\/\/linitiative.ca\/International\/wp-json\/wp\/v2\/posts\/115731","targetHints":{"allow":["GET"]}}],"collection":[{"href":"https:\/\/linitiative.ca\/International\/wp-json\/wp\/v2\/posts"}],"about":[{"href":"https:\/\/linitiative.ca\/International\/wp-json\/wp\/v2\/types\/post"}],"author":[{"embeddable":true,"href":"https:\/\/linitiative.ca\/International\/wp-json\/wp\/v2\/users\/1965"}],"replies":[{"embeddable":true,"href":"https:\/\/linitiative.ca\/International\/wp-json\/wp\/v2\/comments?post=115731"}],"version-history":[{"count":0,"href":"https:\/\/linitiative.ca\/International\/wp-json\/wp\/v2\/posts\/115731\/revisions"}],"wp:attachment":[{"href":"https:\/\/linitiative.ca\/International\/wp-json\/wp\/v2\/media?parent=115731"}],"wp:term":[{"taxonomy":"category","embeddable":true,"href":"https:\/\/linitiative.ca\/International\/wp-json\/wp\/v2\/categories?post=115731"},{"taxonomy":"post_tag","embeddable":true,"href":"https:\/\/linitiative.ca\/International\/wp-json\/wp\/v2\/tags?post=115731"}],"curies":[{"name":"wp","href":"https:\/\/api.w.org\/{rel}","templated":true}]}}