{"id":115737,"date":"2021-04-28T10:14:01","date_gmt":"2021-04-28T14:14:01","guid":{"rendered":"https:\/\/linitiative.ca\/International\/accidents-de-la-route-dix-morts-et-1-740-blesses-en-perimetre-urbain-la-semaine-derniere\/"},"modified":"2021-04-28T10:14:01","modified_gmt":"2021-04-28T14:14:01","slug":"accidents-de-la-route-dix-morts-et-1-740-blesses-en-perimetre-urbain-la-semaine-derniere","status":"publish","type":"post","link":"https:\/\/linitiative.ca\/International\/accidents-de-la-route-dix-morts-et-1-740-blesses-en-perimetre-urbain-la-semaine-derniere\/","title":{"rendered":"Accidents de la route: Dix morts et 1.740 bless\u00e9s en p\u00e9rim\u00e8tre urbain la semaine derni\u00e8re"},"content":{"rendered":"<header>\n<\/header>\n<div class=\"entry-content clearfix\" readability=\"62\">\n<figure class=\"post-thumbnail\" itemprop=\"associatedMedia\" itemscope=\"itemscope\" itemtype=\"http:\/\/schema.org\/ImageObject\"><img decoding=\"async\" class=\"post_layout_5_img\" src=\"https:\/\/aujourdhui.ma\/wp-content\/uploads\/2021\/03\/accidents-mortels.jpg\" alt=\"Accidents de la route: Dix morts et 1.740 bless\u00e9s en p\u00e9rim\u00e8tre urbain la semaine derni\u00e8re\"\/><\/figure>\n<p><span class=\"c7\"><strong>Dix personnes ont \u00e9t\u00e9 tu\u00e9es et 1.740 autres bless\u00e9es, dont 61 gri\u00e8vement, dans 1.294 accidents de la circulation survenus en p\u00e9rim\u00e8tre urbain durant la semaine allant du 19 au 25 avril 2021.<\/strong><\/span><br \/><span class=\"c8\"\/><\/p>\n<p>Ces accidents sont principalement dus au non-respect de la priorit\u00e9, \u00e0 l\u2019inadvertance des conducteurs, \u00e0 l\u2019exc\u00e8s de vitesse, \u00e0 l\u2019inadvertance des pi\u00e9tons, au non respect de la distance de s\u00e9curit\u00e9, au changement de direction sans usage de signal, au changement de direction non-autoris\u00e9, au d\u00e9faut de ma\u00eetrise des v\u00e9hicules, au non-respect du stop, au non-respect des feux de signalisation, \u00e0 la circulation sur la voie gauche, aux d\u00e9passements d\u00e9fectueux et \u00e0 la circulation en sens interdit, a indiqu\u00e9 mercredi la Direction g\u00e9n\u00e9rale de la s\u00fbret\u00e9 nationale (DGSN) dans son communiqu\u00e9.<br \/>Concernant le contr\u00f4le et la r\u00e9pression des infractions en mati\u00e8re de circulation, les services de s\u00fbret\u00e9 ont enregistr\u00e9 32.344 contraventions et \u00e9tabli 5.951 proc\u00e8s-verbaux soumis au parquet, alors que 26.393 amendes transactionnelles ont \u00e9t\u00e9 recouvr\u00e9es, pr\u00e9cise-t-on de m\u00eame source.<\/p>\n<p>Les sommes per\u00e7ues ont atteint 5.390.850 dirhams, a ajout\u00e9 le communiqu\u00e9, faisant \u00e9tat de la mise en fourri\u00e8re municipale de 3.694 v\u00e9hicules, de la saisie de 5.951 documents et du retrait de la circulation de 142 v\u00e9hicules.<\/p>\n<\/div>\n<p>Auteur: ALM<br \/>\n<a href=\"https:\/\/aujourdhui.ma\/societe\/accidents-de-la-route-dix-morts-et-1-740-blesses-en-perimetre-urbain-la-semaine-derniere\">Cliquez ici pour lire l&rsquo;article depuis sa source.<\/a><\/p>\n","protected":false},"excerpt":{"rendered":"<p>Dix personnes ont \u00e9t\u00e9 tu\u00e9es et 1.740 autres bless\u00e9es, dont 61 gri\u00e8vement, dans 1.294 accidents de la circulation survenus en p\u00e9rim\u00e8tre urbain durant la semaine allant du 19 au 25 avril 2021. Ces accidents sont principalement dus au non-respect de la priorit\u00e9, \u00e0 l\u2019inadvertance des conducteurs, \u00e0 l\u2019exc\u00e8s de vitesse, \u00e0 l\u2019inadvertance des pi\u00e9tons, au [&hellip;]<\/p>\n","protected":false},"author":1759,"featured_media":0,"comment_status":"closed","ping_status":"closed","sticky":false,"template":"","format":"standard","meta":{"fifu_image_url":"https:\/\/aujourdhui.ma\/wp-content\/uploads\/2021\/03\/accidents-mortels.jpg","fifu_image_alt":"Accidents de la route: Dix morts et 1.740 bless\u00e9s en p\u00e9rim\u00e8tre urbain la semaine derni\u00e8re","footnotes":""},"categories":[73,54],"tags":[],"class_list":["post-115737","post","type-post","status-publish","format-standard","hentry","category-actualite","category-maroc"],"_links":{"self":[{"href":"https:\/\/linitiative.ca\/International\/wp-json\/wp\/v2\/posts\/115737","targetHints":{"allow":["GET"]}}],"collection":[{"href":"https:\/\/linitiative.ca\/International\/wp-json\/wp\/v2\/posts"}],"about":[{"href":"https:\/\/linitiative.ca\/International\/wp-json\/wp\/v2\/types\/post"}],"author":[{"embeddable":true,"href":"https:\/\/linitiative.ca\/International\/wp-json\/wp\/v2\/users\/1759"}],"replies":[{"embeddable":true,"href":"https:\/\/linitiative.ca\/International\/wp-json\/wp\/v2\/comments?post=115737"}],"version-history":[{"count":0,"href":"https:\/\/linitiative.ca\/International\/wp-json\/wp\/v2\/posts\/115737\/revisions"}],"wp:attachment":[{"href":"https:\/\/linitiative.ca\/International\/wp-json\/wp\/v2\/media?parent=115737"}],"wp:term":[{"taxonomy":"category","embeddable":true,"href":"https:\/\/linitiative.ca\/International\/wp-json\/wp\/v2\/categories?post=115737"},{"taxonomy":"post_tag","embeddable":true,"href":"https:\/\/linitiative.ca\/International\/wp-json\/wp\/v2\/tags?post=115737"}],"curies":[{"name":"wp","href":"https:\/\/api.w.org\/{rel}","templated":true}]}}