{"id":115738,"date":"2021-04-28T10:30:39","date_gmt":"2021-04-28T14:30:39","guid":{"rendered":"https:\/\/linitiative.ca\/International\/renault-fait-de-linnovation-sa-raison-detre\/"},"modified":"2021-04-28T10:30:39","modified_gmt":"2021-04-28T14:30:39","slug":"renault-fait-de-linnovation-sa-raison-detre","status":"publish","type":"post","link":"https:\/\/linitiative.ca\/International\/renault-fait-de-linnovation-sa-raison-detre\/","title":{"rendered":"Renault fait de l\u2019innovation sa raison d\u2019\u00eatre"},"content":{"rendered":"<figure class=\"post-thumbnail\" itemprop=\"associatedMedia\" itemscope=\"itemscope\" itemtype=\"http:\/\/schema.org\/ImageObject\"><img decoding=\"async\" class=\"post_layout_5_img\" src=\"http:\/\/aujourdhui.ma\/wp-content\/uploads\/2021\/04\/Renault-fait-de-linnovation-sa-raison-detre.jpg\" alt=\"Renault fait de l\u2019innovation sa raison d\u2019\u00eatre\"\/><\/figure>\n<p><span class=\"c7\"><strong>Le Groupe l\u2019a mise en avant lors de sa derni\u00e8re assembl\u00e9e g\u00e9n\u00e9rale<\/strong><\/span><span id=\"more-375058\"\/><\/p>\n<p>L\u2019innovation est toujours au centre des cr\u00e9ations de Renault. Le Groupe en fait m\u00eame sa raison d\u2019\u00eatre qu\u2019il vient de d\u00e9voiler lors de son assembl\u00e9e g\u00e9n\u00e9rale tenue r\u00e9cemment avec la participation de ses actionnaires. Co-construite avec l\u2019ensemble des salari\u00e9s et en concertation avec ses parties prenantes, valid\u00e9e par le Conseil d\u2019administration, cette raison d\u2019\u00eatre exprime, selon le Groupe, l\u2019ambition et le sens du projet collectif du Groupe en France et dans le monde : \u00abNous faisons battre le c\u0153ur de l\u2019innovation pour que la mobilit\u00e9 nous rapproche les uns des autres\u00bb. Par cette phrase, le corps social du Groupe et ses 170 000 salari\u00e9s a, selon la m\u00eame source, voulu mettre en \u00e9vidence la substance de sa mission au service de ses clients et de l\u2019ensemble de ses parties prenantes. Faire battre le c\u0153ur de l\u2019innovation t\u00e9moigne \u00e0 la fois de la dimension profond\u00e9ment humaine et g\u00e9n\u00e9reuse de Renault, tout autant que la cr\u00e9ativit\u00e9, l\u2019inventivit\u00e9 et la qualit\u00e9 technique du Groupe.<\/p>\n<p>A propos de cette raison d\u00eatre, Jean-Dominique Senard, pr\u00e9sident du conseil d\u2019administration de Renault, indique : \u00abChez Renault, la technologie et l\u2019innovation sont toujours au service de l\u2019humain, et jamais le contraire. Car le but ultime est bien de nous rapprocher les uns des autres. C\u2019est cette libert\u00e9 que rend possible la mobilit\u00e9 d\u2019aujourd\u2019hui, et encore davantage celle de demain\u00bb. Pour lui, la force d\u2019une entreprise, son mouvement, sa dynamique sur le long terme, \u00abd\u00e9pendent du bon alignement des valeurs, de la gouvernance et de la strat\u00e9gie avec l\u2019expression de la raison d\u2019\u00eatre\u00bb. \u00abCet alignement produit de la substance et du sens. Et le sens est le terreau de la confiance, de la fiert\u00e9 d\u2019appartenance, de la motivation, de l\u2019engagement des parties prenantes\u2026 et donc de la performance\u00bb, ajoute-t-il.<\/p>\n<p>Cela \u00e9tant, la conception de la raison d\u2019\u00eatre du Groupe est le r\u00e9sultat d\u2019un chantier collectif. Dans un premier temps, des groupes de travail ont analys\u00e9 des centaines d\u2019entretiens avec des collaborateurs appartenant \u00e0 une tr\u00e8s grande diversit\u00e9 de m\u00e9tiers et de pays, dans les entit\u00e9s op\u00e9rationnelles et au niveau de la direction g\u00e9n\u00e9rale. En parall\u00e8le, une \u00e9tude sur la culture de l\u2019entreprise a \u00e9t\u00e9 men\u00e9e. Ce travail a \u00e9t\u00e9 \u00e9galement compl\u00e9t\u00e9 par des discussions avec des parties prenantes externes (partenaires, investisseurs, ONG, etc.). Et ce n\u2019est pas tout. \u00abAfin de nourrir cette raison d\u2019\u00eatre, le Groupe a souhait\u00e9 aller plus loin qu\u2019un Comit\u00e9 des parties prenantes en cr\u00e9ant un comit\u00e9 de la raison d\u2019\u00eatre avant la fin de l\u2019ann\u00e9e\u00bb, avance la m\u00eame source. Ce comit\u00e9 constitu\u00e9 de personnalit\u00e9s internationales appartenant \u00e0 une grande diversit\u00e9 d\u2019horizons et de champs de comp\u00e9tence \u00e9clairera le conseil d\u2019administration par ses analyses et ses recommandations sur la strat\u00e9gie du Groupe.<\/p>\n<p>Auteur: ALM<br \/>\n<a href=\"https:\/\/aujourdhui.ma\/automobile\/renault-fait-de-linnovation-sa-raison-detre\">Cliquez ici pour lire l&rsquo;article depuis sa source.<\/a><\/p>\n","protected":false},"excerpt":{"rendered":"<p>Le Groupe l\u2019a mise en avant lors de sa derni\u00e8re assembl\u00e9e g\u00e9n\u00e9rale L\u2019innovation est toujours au centre des cr\u00e9ations de Renault. Le Groupe en fait m\u00eame sa raison d\u2019\u00eatre qu\u2019il vient de d\u00e9voiler lors de son assembl\u00e9e g\u00e9n\u00e9rale tenue r\u00e9cemment avec la participation de ses actionnaires. Co-construite avec l\u2019ensemble des salari\u00e9s et en concertation avec [&hellip;]<\/p>\n","protected":false},"author":1759,"featured_media":0,"comment_status":"closed","ping_status":"closed","sticky":false,"template":"","format":"standard","meta":{"fifu_image_url":"http:\/\/aujourdhui.ma\/wp-content\/uploads\/2021\/04\/Renault-fait-de-linnovation-sa-raison-detre.jpg","fifu_image_alt":"Renault fait de l\u2019innovation sa raison d\u2019\u00eatre","footnotes":""},"categories":[73,54],"tags":[],"class_list":["post-115738","post","type-post","status-publish","format-standard","hentry","category-actualite","category-maroc"],"_links":{"self":[{"href":"https:\/\/linitiative.ca\/International\/wp-json\/wp\/v2\/posts\/115738","targetHints":{"allow":["GET"]}}],"collection":[{"href":"https:\/\/linitiative.ca\/International\/wp-json\/wp\/v2\/posts"}],"about":[{"href":"https:\/\/linitiative.ca\/International\/wp-json\/wp\/v2\/types\/post"}],"author":[{"embeddable":true,"href":"https:\/\/linitiative.ca\/International\/wp-json\/wp\/v2\/users\/1759"}],"replies":[{"embeddable":true,"href":"https:\/\/linitiative.ca\/International\/wp-json\/wp\/v2\/comments?post=115738"}],"version-history":[{"count":0,"href":"https:\/\/linitiative.ca\/International\/wp-json\/wp\/v2\/posts\/115738\/revisions"}],"wp:attachment":[{"href":"https:\/\/linitiative.ca\/International\/wp-json\/wp\/v2\/media?parent=115738"}],"wp:term":[{"taxonomy":"category","embeddable":true,"href":"https:\/\/linitiative.ca\/International\/wp-json\/wp\/v2\/categories?post=115738"},{"taxonomy":"post_tag","embeddable":true,"href":"https:\/\/linitiative.ca\/International\/wp-json\/wp\/v2\/tags?post=115738"}],"curies":[{"name":"wp","href":"https:\/\/api.w.org\/{rel}","templated":true}]}}