{"id":115741,"date":"2021-04-27T14:00:57","date_gmt":"2021-04-27T18:00:57","guid":{"rendered":"https:\/\/linitiative.ca\/International\/birmanie-nouveau-report-judiciaire-pour-aung-san-suu-kyi\/"},"modified":"2021-04-27T14:00:57","modified_gmt":"2021-04-27T18:00:57","slug":"birmanie-nouveau-report-judiciaire-pour-aung-san-suu-kyi","status":"publish","type":"post","link":"https:\/\/linitiative.ca\/International\/birmanie-nouveau-report-judiciaire-pour-aung-san-suu-kyi\/","title":{"rendered":"Birmanie: nouveau report judiciaire pour Aung San Suu Kyi"},"content":{"rendered":"<p class=\"has-text-color has-vivid-cyan-blue-color c1\"><strong>Elle n\u2019a toujours pas vu ses avocats<\/strong><\/p>\n<p><strong>Un rendez-vous judiciaire d\u2019Aung San Suu Kyi, d\u00e9tenue au secret depuis pr\u00e8s de trois mois et inculp\u00e9e \u00e0 de multiples reprises par la junte, a \u00e9t\u00e9 report\u00e9 au 10 mai, alors que l\u2019ex-dirigeante birmane n\u2019a toujours pas \u00e9t\u00e9 autoris\u00e9e \u00e0 rencontrer son \u00e9quipe de d\u00e9fense.<\/strong><\/p>\n<p>Aung San Suu Kyi, 75 ans, a comparu lundi en visioconf\u00e9rence devant un tribunal de la capitale Naypyidaw. Elle a demand\u00e9 \u00e0 enfin pouvoir rencontrer l\u2019\u00e9quipe charg\u00e9e de la d\u00e9fendre, mais la police n\u2019a pas acc\u00e9d\u00e9 \u00e0 sa requ\u00eate, disant y travailler \u00ab\u00a0\u00e9tape par \u00e9tape\u00a0\u00bb, et l\u2019audience a \u00e9t\u00e9 report\u00e9e au 10 mai, a d\u00e9clar\u00e9 \u00e0 l\u2019AFP l\u2019avocate Min Min Soe.<\/p>\n<p>La laur\u00e9ate du prix Nobel de la Paix 1991, amaigrie mais semblant en bonne sant\u00e9, est tr\u00e8s contrari\u00e9e par la lenteur de la proc\u00e9dure, a ajout\u00e9 Min Min Soe.<\/p>\n<p>Arr\u00eat\u00e9e lors du putsch militaire du 1er f\u00e9vrier, Aung San Suu Kyi n\u2019a pas \u00e9t\u00e9 vue en public depuis et est assign\u00e9e \u00e0 r\u00e9sidence \u00e0 Naypyidaw.<\/p>\n<p>Elle est poursuivie pour six chefs d\u2019accusation, notamment pour violation d\u2019une loi sur les secrets d\u2019Etat datant de l\u2019\u00e9poque coloniale.<\/p>\n<p>Elle est aussi accus\u00e9e d\u2019avoir per\u00e7u plus d\u2019un million de dollars et onze kilos d\u2019or de pots-de-vin, mais n\u2019a pas \u00e9t\u00e9 inculp\u00e9e de \u00ab\u00a0corruption\u00a0\u00bb pour le moment.<\/p>\n<p>Si elle \u00e9tait reconnue coupable, elle pourrait \u00eatre bannie de la politique, voire condamn\u00e9e \u00e0 de longues ann\u00e9es de prison.<\/p>\n<p>Aung San Suu Kyi n\u2019a \u00ab\u00a0pas acc\u00e8s aux informations et \u00e0 la t\u00e9l\u00e9vision. Je ne pense pas qu\u2019elle connaisse la situation actuelle du pays\u00a0\u00bb, a d\u00e9plor\u00e9 Min Min Soe.<\/p>\n<p>Les manifestations quotidiennes pour r\u00e9clamer sa lib\u00e9ration et le r\u00e9tablissement de la d\u00e9mocratie continuent \u00e0 \u00eatre violemment r\u00e9prim\u00e9es par les forces de s\u00e9curit\u00e9.<\/p>\n<p>Plus de 750 personnes ont \u00e9t\u00e9 tu\u00e9es et pr\u00e8s de 3.500 arr\u00eat\u00e9es, selon l\u2019Association d\u2019assistance aux prisonniers politiques (AAPP).<\/p>\n<p>Lundi, de petits groupes de protestataires sont encore descendus dans les rues \u00e0 travers le pays, brandissant des pancartes \u00ab\u00a0Lib\u00e9rez nos dirigeants\u00a0\u00bb et des drapeaux rouges orn\u00e9s d\u2019un paon dor\u00e9, le symbole du parti d\u2019Aung San Suu Kyi, la Ligue nationale pour la d\u00e9mocratie (LND).<\/p>\n<p>Selon la t\u00e9l\u00e9vision d\u2019Etat, un membre des forces de s\u00e9curit\u00e9 a \u00e9t\u00e9 tu\u00e9 dans l\u2019Etat de Chin, lorsque son convoi a \u00e9t\u00e9 attaqu\u00e9 par des personnes arm\u00e9es.<br \/>Le chef de la junte, le g\u00e9n\u00e9ral Min Aung Hlaing, a expliqu\u00e9 son coup d\u2019Etat en all\u00e9guant des fraudes aux l\u00e9gislatives de novembre, massivement remport\u00e9es par la LND.<\/p>\n<p>Il a effectu\u00e9 ce week-end son premier d\u00e9placement \u00e0 l\u2019\u00e9tranger depuis le coup d\u2019Etat, en participant \u00e0 un sommet avec les responsables de l\u2019Association des nations d\u2019Asie du Sud-Est (Asean) \u00e0 Jakarta.<\/p>\n<p>Selon des sources aux Nations unies, il s\u2019y est entretenu avec l\u2019envoy\u00e9e sp\u00e9ciale de l\u2019ONU pour la Birmanie, Christine Schraner Burgener. Cette derni\u00e8re, qui n\u2019a pour l\u2019instant pas \u00e9t\u00e9 autoris\u00e9e \u00e0 se rendre dans le pays, avait d\u00e9j\u00e0 appel\u00e9 \u00e0 agir contre les g\u00e9n\u00e9raux birmans, craignant \u00ab\u00a0un bain de sang (\u2026) imminent\u00a0\u00bb.<\/p>\n<p>Les dix Etats membres de l\u2019Asean ont plaid\u00e9 pour une \u00ab\u00a0cessation imm\u00e9diate de la violence en Birmanie\u00a0\u00bb.<\/p>\n<p>\u00ab\u00a0Le communiqu\u00e9 (de l\u2019Asean) n\u2019inclut pas ce que demandent les civils: le respect des droits humains fondamentaux, de la d\u00e9mocratie et de la paix\u00a0\u00bb, a critiqu\u00e9 l\u2019AAPP.<\/p>\n<p>La t\u00e9l\u00e9vision nationale contr\u00f4l\u00e9e par l\u2019Etat a qualifi\u00e9 l\u2019AAP d&rsquo;\u00a0\u00bborganisation ill\u00e9gale\u00a0\u00bb lundi soir, ajoutant que des mesures allaient \u00eatre prises contre elle.<\/p>\n<p>L\u2019ancien pr\u00e9sident am\u00e9ricain Barack Obama a exhort\u00e9 lundi les pays voisins de la Birmanie \u00e0 \u00ab\u00a0reconna\u00eetre qu\u2019un r\u00e9gime meurtrier rejet\u00e9 par le peuple ne fera qu\u2019apporter une plus grande instabilit\u00e9, une crise humanitaire et le risque d\u2019un Etat d\u00e9faillant\u00a0\u00bb.<\/p>\n<p>Les Etats-Unis, l\u2019UE et le Royaume-Uni ont sanctionn\u00e9 la junte et des soci\u00e9t\u00e9s qui y sont affili\u00e9es. Mais la Russie et la Chine, alli\u00e9es des g\u00e9n\u00e9raux, ont bloqu\u00e9 toute autre mesure, tel un embargo sur les armes.<\/p>\n<p>Moscou suit la situation en Birmanie \u00ab\u00a0avec une grande attention\u00a0\u00bb, selon le porte-parole du Kremlin, Dmitri Peskov. \u00ab\u00a0N\u00e9anmoins, la Russie a des relations de longue date avec la Birmanie, et nous y tenons\u00a0\u00bb, a-t-il ajout\u00e9, estimant que le pays \u00ab\u00a0doit r\u00e9soudre lui-m\u00eame ses probl\u00e8mes\u00a0\u00bb.<\/p>\n<p>Auteur: M&rsquo;hammed rahal<br \/>\n<a href=\"http:\/\/albayane.press.ma\/birmanie-nouveau-report-judiciaire-pour-aung-san-suu-kyi.html\">Cliquez ici pour lire l&rsquo;article depuis sa source.<\/a><\/p>\n","protected":false},"excerpt":{"rendered":"<p>Elle n\u2019a toujours pas vu ses avocats Un rendez-vous judiciaire d\u2019Aung San Suu Kyi, d\u00e9tenue au secret depuis pr\u00e8s de trois mois et inculp\u00e9e \u00e0 de multiples reprises par la junte, a \u00e9t\u00e9 report\u00e9 au 10 mai, alors que l\u2019ex-dirigeante birmane n\u2019a toujours pas \u00e9t\u00e9 autoris\u00e9e \u00e0 rencontrer son \u00e9quipe de d\u00e9fense. Aung San Suu [&hellip;]<\/p>\n","protected":false},"author":1760,"featured_media":0,"comment_status":"closed","ping_status":"closed","sticky":false,"template":"","format":"standard","meta":{"fifu_image_url":"","fifu_image_alt":"","footnotes":""},"categories":[73,54],"tags":[],"class_list":["post-115741","post","type-post","status-publish","format-standard","hentry","category-actualite","category-maroc"],"_links":{"self":[{"href":"https:\/\/linitiative.ca\/International\/wp-json\/wp\/v2\/posts\/115741","targetHints":{"allow":["GET"]}}],"collection":[{"href":"https:\/\/linitiative.ca\/International\/wp-json\/wp\/v2\/posts"}],"about":[{"href":"https:\/\/linitiative.ca\/International\/wp-json\/wp\/v2\/types\/post"}],"author":[{"embeddable":true,"href":"https:\/\/linitiative.ca\/International\/wp-json\/wp\/v2\/users\/1760"}],"replies":[{"embeddable":true,"href":"https:\/\/linitiative.ca\/International\/wp-json\/wp\/v2\/comments?post=115741"}],"version-history":[{"count":0,"href":"https:\/\/linitiative.ca\/International\/wp-json\/wp\/v2\/posts\/115741\/revisions"}],"wp:attachment":[{"href":"https:\/\/linitiative.ca\/International\/wp-json\/wp\/v2\/media?parent=115741"}],"wp:term":[{"taxonomy":"category","embeddable":true,"href":"https:\/\/linitiative.ca\/International\/wp-json\/wp\/v2\/categories?post=115741"},{"taxonomy":"post_tag","embeddable":true,"href":"https:\/\/linitiative.ca\/International\/wp-json\/wp\/v2\/tags?post=115741"}],"curies":[{"name":"wp","href":"https:\/\/api.w.org\/{rel}","templated":true}]}}