{"id":115742,"date":"2021-04-27T14:00:57","date_gmt":"2021-04-27T18:00:57","guid":{"rendered":"https:\/\/linitiative.ca\/International\/terre-des-hommes-dagadir-en-ballotage\/"},"modified":"2021-04-27T14:00:57","modified_gmt":"2021-04-27T18:00:57","slug":"terre-des-hommes-dagadir-en-ballotage","status":"publish","type":"post","link":"https:\/\/linitiative.ca\/International\/terre-des-hommes-dagadir-en-ballotage\/","title":{"rendered":"Terre des hommes d\u2019Agadir en ballotage"},"content":{"rendered":"<p class=\"has-text-color has-vivid-cyan-blue-color c1\"><strong>A vrai dire<\/strong><\/p>\n<p class=\"has-text-color has-vivid-red-color c2\"><strong>Saoudi El Amalki<\/strong><\/p>\n<p><strong>Quelle mouche a bien pu piquer les \u00e9lus de la commune territoriale d\u2019Agadir ? Un beau matin, le pr\u00e9sident signe une lettre fixant une date butoir, adress\u00e9e \u00e0 deux associations \u00e0 vocation sociale dont celle appel\u00e9e terre des hommes \u00abArd Al Atfal\u00bb, leur signifiant d\u2019\u00e9vacuer les locaux. Cette b\u00e2tisse h\u00e9rit\u00e9e d\u2019une structure associative suisse, \u00e9tait, il y a plus de deux d\u00e9cennies, servait de refuge bienfaisant dont s\u2019\u00e9tait\u00a0 charg\u00e9e une flop\u00e9e de b\u00e9n\u00e9voles acquise \u00e0 la cause des petits enfants en situation de pr\u00e9carit\u00e9.<\/strong><\/p>\n<p>La mission des ressortissants helv\u00e9tiques fut donc relay\u00e9e avec brio par des volontaires qui continuent \u00e0 dessiner le sourire sur le visage des centaines de m\u00f4mes, \u00e0 la recherche de l\u2019affection et de la d\u00e9votion. Il fait bien dire que la t\u00e2che leur a \u00e9t\u00e9 facilit\u00e9e par la disponibilit\u00e9 des conseillers communaux qui ont toujours su se porter r\u00e9actifs \u00e0 leurs dol\u00e9ances.De m\u00eame, le pr\u00e9sent conseil communal de la ville s\u2019enorgueillit de se rendre dans ces lieux, en compagnie des d\u00e9l\u00e9gations qui viennent d\u2019outre mer, lors des visites de courtoisie et de prospection au centre en question.<\/p>\n<p>Il est bien clair que cet espace de haute port\u00e9e humaniste, destin\u00e9 aux enfants, constituait une r\u00e9elle fiert\u00e9 aussi bien pour les r\u00e9sidents que les visiteurs. Il va sans dire \u00e9galement que les militantes et les militants, de par leur pers\u00e9v\u00e9rance et leur abn\u00e9gation envers cette besogne noble, forcent l\u2019estime et l\u2019admiration de toute la communaut\u00e9 locale, notamment la soci\u00e9t\u00e9 civile.<\/p>\n<p>Jusqu\u2019au moment o\u00f9 la missive communale tomba comme une douche froide dans le camp des adeptes de la bonne cause. Inutile de dire que cet acte drastique \u00e9manant du conseil de la commune a d\u00fb, ipso facto engendrer une vague de r\u00e9probation et de solidarit\u00e9. Il est bien vrai que les motifs de cet ordre de \u00abvider\u00bb le local, avanc\u00e9s par la commune sont li\u00e9s au package projet prometteur de d\u00e9veloppement urbain de la ville d\u2019Agadir, plus pr\u00e9cis\u00e9ment \u00e0 la r\u00e9alisation projet\u00e9e sur les espaces avoisinant la fameuse \u00ab coupole \u00bb.Un projet d\u2019envergure que nul ne saurait contrarier ni contester, vu son apport bienveillant sur l\u2019ensemble de la capitale du Souss.<\/p>\n<p>Cependant, il n\u2019est pas non plus convenable de sacrifier tout un contingent de plus de 300 b\u00e9n\u00e9ficiaires des services judicieux du travail social auquel s\u2019attelle avec amour et adoration, un parterre de bonne volont\u00e9. Il est alors du devoir du conseil communal, en tant qu\u2019instance protectrice des droits et des int\u00e9r\u00eats supr\u00eames de la ville, ainsi que les autorit\u00e9s administratives, de se pencher s\u00e9rieusement sur cette probl\u00e9matique, en trouvant un espace id\u00e9al et commode afin que cette activit\u00e9 poursuive sa mission, en parfait consentement avec les encadrants \u00a0et en hommage \u00e0 l\u2019association suisse qui avait auparavant cr\u00e9\u00e9 cette noble action.\u00a0<\/p>\n<p>Auteur: M&rsquo;hammed rahal<br \/>\n<a href=\"http:\/\/albayane.press.ma\/terre-des-hommes-dagadir-en-ballotage.html\">Cliquez ici pour lire l&rsquo;article depuis sa source.<\/a><\/p>\n","protected":false},"excerpt":{"rendered":"<p>A vrai dire Saoudi El Amalki Quelle mouche a bien pu piquer les \u00e9lus de la commune territoriale d\u2019Agadir ? Un beau matin, le pr\u00e9sident signe une lettre fixant une date butoir, adress\u00e9e \u00e0 deux associations \u00e0 vocation sociale dont celle appel\u00e9e terre des hommes \u00abArd Al Atfal\u00bb, leur signifiant d\u2019\u00e9vacuer les locaux. Cette b\u00e2tisse [&hellip;]<\/p>\n","protected":false},"author":1760,"featured_media":0,"comment_status":"closed","ping_status":"closed","sticky":false,"template":"","format":"standard","meta":{"fifu_image_url":"","fifu_image_alt":"","footnotes":""},"categories":[73,54],"tags":[],"class_list":["post-115742","post","type-post","status-publish","format-standard","hentry","category-actualite","category-maroc"],"_links":{"self":[{"href":"https:\/\/linitiative.ca\/International\/wp-json\/wp\/v2\/posts\/115742","targetHints":{"allow":["GET"]}}],"collection":[{"href":"https:\/\/linitiative.ca\/International\/wp-json\/wp\/v2\/posts"}],"about":[{"href":"https:\/\/linitiative.ca\/International\/wp-json\/wp\/v2\/types\/post"}],"author":[{"embeddable":true,"href":"https:\/\/linitiative.ca\/International\/wp-json\/wp\/v2\/users\/1760"}],"replies":[{"embeddable":true,"href":"https:\/\/linitiative.ca\/International\/wp-json\/wp\/v2\/comments?post=115742"}],"version-history":[{"count":0,"href":"https:\/\/linitiative.ca\/International\/wp-json\/wp\/v2\/posts\/115742\/revisions"}],"wp:attachment":[{"href":"https:\/\/linitiative.ca\/International\/wp-json\/wp\/v2\/media?parent=115742"}],"wp:term":[{"taxonomy":"category","embeddable":true,"href":"https:\/\/linitiative.ca\/International\/wp-json\/wp\/v2\/categories?post=115742"},{"taxonomy":"post_tag","embeddable":true,"href":"https:\/\/linitiative.ca\/International\/wp-json\/wp\/v2\/tags?post=115742"}],"curies":[{"name":"wp","href":"https:\/\/api.w.org\/{rel}","templated":true}]}}