{"id":115743,"date":"2021-04-27T14:00:58","date_gmt":"2021-04-27T18:00:58","guid":{"rendered":"https:\/\/linitiative.ca\/International\/%ef%bb%bflactuel-gouvernement-est-le-plus-faible-depuis-lindependance\/"},"modified":"2021-04-27T14:00:58","modified_gmt":"2021-04-27T18:00:58","slug":"%ef%bb%bflactuel-gouvernement-est-le-plus-faible-depuis-lindependance","status":"publish","type":"post","link":"https:\/\/linitiative.ca\/International\/%ef%bb%bflactuel-gouvernement-est-le-plus-faible-depuis-lindependance\/","title":{"rendered":"\ufeffL\u2019actuel gouvernement est le plus faible depuis l\u2019ind\u00e9pendance"},"content":{"rendered":"<p class=\"has-text-color has-vivid-cyan-blue-color c1\"><strong>Benabdallah, invit\u00e9 de la fondation Fqih Titouani<\/strong><\/p>\n<p class=\"c2\"><strong>M\u2019Barek Tafsi<\/strong><\/p>\n<ul class=\"wp-block-gallery columns-2 is-cropped\">\n<li class=\"blocks-gallery-item\">\n<figure><img decoding=\"async\" src=\"http:\/\/albayane.press.ma\/wp-content\/uploads\/2-moussa.jpg\" alt=\"\" data-id=\"111321\" class=\"wp-image-111321\"\/><\/figure>\n<\/li>\n<li class=\"blocks-gallery-item\">\n<figure><img decoding=\"async\" src=\"http:\/\/albayane.press.ma\/wp-content\/uploads\/3-moussa.jpg\" alt=\"\" data-id=\"111322\" data-link=\"http:\/\/albayane.press.ma\/?attachment_id=111322#main\" class=\"wp-image-111322\"\/><\/figure>\n<\/li>\n<\/ul>\n<p><strong>Le Secr\u00e9taire G\u00e9n\u00e9ral du Parti du Progr\u00e8s et du Socialisme, Mohamed Nabil Benabdallah, qui \u00e9tait l\u2019invit\u00e9, lundi soir de la Fondation Fquih Titouani, dans le cadre d\u2019un cycle de rencontres, organis\u00e9es durant le mois de Ramadan autour des pr\u00e9occupations et des attentes populaires, \u00e0 quelques mois des prochaines \u00e9lections, a soulign\u00e9 que si la pand\u00e9mie du Covid-19 a mis \u00e0 nu l\u2019ampleur de l\u2019\u00e9tat de pr\u00e9carit\u00e9 et de pauvret\u00e9 dans lequel se trouvent de nombreuses couches sociales, elle a \u00e9galement renforc\u00e9 et confort\u00e9 le parti dans son point de vue, selon lequel, l\u2019actuel gouvernement est le plus faible que le Maroc ait connu depuis son ind\u00e9pendance.<\/strong><\/p>\n<p class=\"has-text-color has-vivid-red-color\"><strong>Le gouvernement le plus faible<\/strong><\/p>\n<p>L\u2019actuel gouvernement est effac\u00e9 et ne se pr\u00e9occupe que peu des aspirations et des attentes des masses populaires. Il n\u2019\u00e9coute pas leurs revendications. Ses\u00a0 membres pr\u00e9f\u00e8rent rester dans l\u2019ombre comme des fant\u00f4mes, m\u00eame quand il s\u2019agit de venir expliquer aux citoyennes et citoyens le sens et l\u2019importance de d\u00e9cisions d\u00e9cisives qui les concernent.<\/p>\n<p>Cette faiblesse se manifeste aussi \u00e0 travers l\u2019annonce tardive et\u00a0 pr\u00e9cipit\u00e9e \u00e0 minuit des d\u00e9cisions prises, a-t-il dit.<\/p>\n<p>D\u00e8s le lendemain de sa formation, le gouvernement actuel n\u2019a r\u00e9ussi \u00e0 aucun moment, avant et durant la pand\u00e9mie du Covid-19, \u00e0 d\u00e9passer ses divergences, a-t-il ajout\u00e9.<\/p>\n<p>Face \u00e0 une telle situation, le PPS n\u2019a cess\u00e9 d\u2019appeler toutes les composantes gouvernementales \u00e0 d\u00e9passer leurs divergences et \u00e0 focaliser leurs efforts sur les r\u00e9formes \u00e0 entreprendre et les moyens de satisfaire les besoins du pays et des couches populaires, a-t-il fait savoir.<\/p>\n<p>Apr\u00e8s avoir perdu l\u2019espoir de voir un jour ce gouvernement agir dans l\u2019int\u00e9r\u00eat du pays, le PPS l\u2019a quitt\u00e9 sans regret, suite \u00e0 une d\u00e9cision adopt\u00e9e par son comit\u00e9 central, en d\u00e9pit des offres qui lui ont \u00e9t\u00e9 faites pour y rester.<\/p>\n<p>Toutes les composantes sans exception sont responsables de cette situation. Depuis la formation du gouvernement, elles s\u2019\u00e9changent toujours les coups pour bloquer toute action gouvernementale positive et tout en ayant \u00e0 l\u2019esprit les \u00e9lections de 2021, a-t-il dit.\u00a0\u00a0\u00a0\u00a0<\/p>\n<p class=\"has-text-color has-vivid-red-color\"><strong>L\u2019action de l\u2019association Joud : une d\u00e9viation dangereuse<\/strong><\/p>\n<p>Traitant du scandale de la distribution de \u00ab paniers de Ramadan \u00bb \u00e0 l\u2019approche des \u00e9lections par la fondation Joud, agissant au nom et pour le compte du RNI, il a fait savoir que ses \u00ab bienfaiteurs \u00bb lui ont consacr\u00e9 la somme faramineuse de 200 millions de Dirhams, qui d\u00e9passe de loin les capacit\u00e9s de tous les partis politiques.<\/p>\n<p>Personne n\u2019est les aides distribu\u00e9es \u00e0 des personnes dans le besoin comme le font en temps normal des fondations de l\u2019Etat, des organisations de la soci\u00e9t\u00e9 civile ou m\u00eame proches de partis politiques, de mani\u00e8re honn\u00eate et d\u00e9sint\u00e9ress\u00e9e.<\/p>\n<p>Mais ce qui est condamnable dans cette affaire, c\u2019est le but inavou\u00e9 de cette action, qui ressemble plut\u00f4t \u00e0 une transaction commerciale.<\/p>\n<p>Les personnes \u00ab cibles \u00bb b\u00e9n\u00e9ficient de ce panier de 200 DH en contrepartie de leurs donn\u00e9es personnelles et des renseignements contenus dans leur carte nationale.<\/p>\n<p>Au moment de la r\u00e9ception du panier, une carte d\u2019adh\u00e9sion au parti concern\u00e9 leur est remise avec les salutations du pr\u00e9sident et sa demande de voter pour le candidat du parti au cours des prochaines \u00e9lections.<\/p>\n<p>C\u2019est une pure corruption politique et \u00e9lectorale qui se d\u00e9roule au vu et au su des autorit\u00e9s publiques, \u00e0 quelques mois seulement des \u00e9lections et qu\u2019il faut imm\u00e9diatement arr\u00eater, a-t-il dit, rappelant qu\u2019en condamnant une telle instrumentation de cette action \u00ab caritative \u00bb, le PPS ne d\u00e9fend que la d\u00e9mocratie, rien que la d\u00e9mocratie ni plus ni moins.<\/p>\n<p>Le PPS n\u2019a rien contre le RNI. Au contraire, les deux partis ont toujours eu de bonnes relations, selon Benabdallah, qui n\u2019a pas manqu\u00e9 de rappeler que l\u2019ancien pr\u00e9sident du RNI Ahmed Osmane avait pris la d\u00e9fense de feu Ali Yata devant la justice \u00e0 un moment difficile.<\/p>\n<p>Il a \u00e9galement rappel\u00e9 que de nombreux dirigeants du parti sont connus pour avoir jou\u00e9 des r\u00f4les de premier plan dans le cadre du renforcement du processus d\u00e9mocratique et de promotion des droits de l\u2019homme, citant l\u2019exemple de l\u2019ancien ministre de la Justice Mohamed Aujar ou d\u2019autres militants comme feu Mustapha lznasni.<\/p>\n<p>Il s\u2019est demand\u00e9 aussi pourquoi avait-on interdit toute action caritative de la part d\u2019une organisation proche d\u2019un parti politique l\u2019an dernier (Covid-19) et pourquoi a-t-on autoris\u00e9 la fondation Jouad toute seule \u00e0 le faire cette ann\u00e9e.<\/p>\n<p>Tous les partis d\u00e9mocrates condamnent une telle d\u00e9viation qui menace s\u00e9rieusement la d\u00e9mocratie marocaine, a ajout\u00e9 Benabdallah, qui a invit\u00e9 le RNI \u00e0 recourir \u00e0 des moyens honn\u00eates et sains pour remporter les \u00e9lections et non pas \u00e0 la distribution de paniers de Ramadan et \u00e0 d\u2019autres activit\u00e9s douteuses de Jouad, qui n\u2019honorent pas.<\/p>\n<p class=\"has-text-color has-vivid-red-color\"><strong>La Covid-19 et ses r\u00e9percussions<\/strong><\/p>\n<p>Au niveau international, la pand\u00e9mie de la Covid-19 a port\u00e9 un coup dur \u00e0 la coop\u00e9ration et \u00e0 la solidarit\u00e9 internationale. Les institutions de l\u2019ONU ont tout simplement brill\u00e9 par leur absence durant cette crise, laissant chaque pays, pauvre ou riche, se d\u00e9brouiller tout seul par ses propres moyens.\u00a0\u00a0\u00a0\u00a0\u00a0\u00a0\u00a0\u00a0\u00a0\u00a0\u00a0\u00a0\u00a0<\/p>\n<p>Elle a d\u00e9voil\u00e9 au grand jour les limites des approches lib\u00e9rales, selon lesquelles le syst\u00e8me est capable \u00e0 lui seul, \u00e0 travers ses propres m\u00e9canismes, de r\u00e9guler le march\u00e9 et de satisfaire les besoins des populations. De telles th\u00e8ses se sont effondr\u00e9es, a-t-il not\u00e9.<\/p>\n<p>Aujourd\u2019hui, tous les pays \u00e0 travers le monde, y compris les grandes puissances, ont mis en place des plans de relance de l\u2019\u00e9conomie, pilot\u00e9s par l\u2019Etat lui-m\u00eame.<\/p>\n<p>Aux Etats Unis, le pr\u00e9sident Joe Biden a fait adopter un plan de 3000 milliards de Dollars pour la relance de l\u2019\u00e9conomie. L\u2019Union Europ\u00e9enne a fait de m\u00eame en adoptant un plan europ\u00e9en de 850 milliards d\u2019Euros, sans compter les efforts d\u00e9ploy\u00e9s par chaque Etat \u00e0 part.<\/p>\n<p>Partout donc dans ces pays, c\u2019est l\u2019Etat qui a repris les choses en main pour piloter le redressement et la relance de l\u2019\u00e9conomie, en s\u2019inspirant entre autres des th\u00e8ses keyn\u00e9siennes, qui tablent sur le lancement des grands travaux et l\u2019augmentation de la demande pour le d\u00e9veloppement de l\u2019\u00e9conomie.<\/p>\n<p>La crise du Covid-19 a donc remis en cause toutes les convictions dont en premier lieu les orientations lib\u00e9rales, qui ont sont en fait \u00e0 l\u2019origine de l\u2019aggravation des disparit\u00e9s sociales, de la pr\u00e9carit\u00e9 et de la pauvret\u00e9, comme c\u2019est le cas au Maroc.<\/p>\n<p>Nabil Benabdallah a \u00e9galement rappel\u00e9 que la faiblesse des groupements r\u00e9gionaux et l\u2019absence du Grand Maghreb ont compliqu\u00e9 davantage les choses pour tous les pays de la r\u00e9gion dont le Maroc, qui a \u00e9t\u00e9 contraint de ne compter que sur ses propres moyens pour faire face aux r\u00e9percussions de la pand\u00e9mie.<\/p>\n<p>Dans le cas du Maroc, a-t-il ajout\u00e9, l\u2019\u00e9volution de la situation g\u00e9n\u00e9rale a \u00e9t\u00e9 marqu\u00e9e fort heureusement par les d\u00e9veloppements positifs qu\u2019a connus l\u2019ann\u00e9e derni\u00e8re la question de l\u2019int\u00e9grit\u00e9 territoriale du pays, au sujet de laquelle la vigilance doit toujours \u00eatre de mise, \u00e9tant donn\u00e9 que l\u2019Alg\u00e9rie est d\u00e9cid\u00e9e \u00e0 poursuivre ses man\u0153uvres contre le Maroc.<\/p>\n<p>Il est vrai que la reconnaissance par les Etats Unis d\u2019Am\u00e9rique de la marocanit\u00e9 du Sahara est un tournant historique d\u00e9cisif et un acquis de taille, mais il est vrai aussi qu\u2019il est n\u00e9cessaire pour la diplomatie marocaine de continuer de faire preuve de dynamisme et d\u2019efficience, a-t-il ajout\u00e9. Il est \u00e9galement n\u00e9cessaire d\u2019\u0153uvrer pour le renforcement du front int\u00e9rieur, en proc\u00e9dant aux r\u00e9formes requises et en poursuivant l\u2019effort de d\u00e9veloppement du pays en g\u00e9n\u00e9ral et des provinces du Sud en particulier, a-t-il encore expliqu\u00e9.<\/p>\n<p>Evoquant l\u2019action men\u00e9e par le pays contre la pand\u00e9mie et ses r\u00e9percussions, il a salu\u00e9 de nouveau les mesures audacieuses, proactives et pr\u00e9ventives prises par Sa Majest\u00e9 le Roi dont le plan de relance de 120 milliards de Dirhams et le Fonds sp\u00e9cial d\u00e9di\u00e9 \u00e0 la gestion de la pand\u00e9mie du COVID-19 (32 MDH).<\/p>\n<p>A travers ces mesures, le Maroc a r\u00e9ussi \u00e0 soutenir l\u2019\u00e9conomie et \u00e0\u00a0 venir en aide aux personnes dans une situation de pr\u00e9carit\u00e9 et de pauvret\u00e9, a-t-il dit.<\/p>\n<p>Quelque 6,5 millions de Marocains ont b\u00e9n\u00e9fici\u00e9 de ce soutien, \u00e9tant donn\u00e9 que la pauvret\u00e9 et la pr\u00e9carit\u00e9 sont r\u00e9pandues \u00e0 grande \u00e9chelle, nonobstant les efforts de lutte d\u00e9ploy\u00e9s.<\/p>\n<p>Cette crise de la Covid-19 a montr\u00e9 aussi la n\u00e9cessit\u00e9 pour le Maroc d\u2019avoir un gouvernement fort et performant, assumant pleinement ses responsabilit\u00e9s pour faire face \u00e0 cette situation exceptionnelle, a-t-il dit, notant que malgr\u00e9 la gravit\u00e9 de la situation, les composantes du gouvernement ont continu\u00e9 d\u2019\u00e9taler au grand jour leurs diff\u00e9rences.<\/p>\n<p>Heureusement pour le pays, SM le Roi a lanc\u00e9 la g\u00e9n\u00e9ralisation de la couverture sociale universelle, un chantier majeur auquel le PPS appelle depuis une longue date.<\/p>\n<p class=\"has-text-color has-vivid-red-color\"><strong>L\u2019apaisement, une n\u00e9cessit\u00e9 pour r\u00e9concilier les citoyens avec la chose publique<\/strong><\/p>\n<p>A l\u2019approche des \u00e9lections en cette p\u00e9riode difficile du fait des r\u00e9percussions d\u00e9vastatrices de la Covid-19, il est n\u00e9cessaire pour le Maroc de promouvoir un climat de d\u00e9tente et d\u2019apaisement politique v\u00e9ritable pour que la soci\u00e9t\u00e9 puisse respirer et sentir que l\u2019on est dans un Etat de Droit et de Justice, explique-t-il.<\/p>\n<p>Tout en reconnaissant que le Maroc a effectivement fait de grands progr\u00e8s en mati\u00e8re de droits de l\u2019homme, il a estim\u00e9 n\u00e9cessaire d\u2019aller de l\u2019avant en \u0153uvrant pour clore un certain nombre de dossiers concernant notamment la presse et les r\u00e9gions du Rif et de Jerada entre autres, dans le but majeur de r\u00e9concilier les Marocains avec la chose publique, les institutions et les partis politiques et r\u00e9ussir le pari des prochaines \u00e9ch\u00e9ances \u00e9lectorales.<\/p>\n<p>Il est \u00e9galement n\u00e9cessaire d\u2019avancer en mati\u00e8re d\u2019\u00e9galit\u00e9 homme-femme et au niveau de la justice sociale et territoriale, a-t-il ajout\u00e9.<\/p>\n<p class=\"has-text-color has-vivid-red-color\"><strong>Le besoin d\u2019un plan de relance<\/strong><\/p>\n<p>Au niveau \u00e9conomique, a-t-il soulign\u00e9, le Maroc a besoin d\u2019un v\u00e9ritable plan de relance de l\u2019\u00e9conomie, qui s\u2019appuie sur le r\u00f4le de l\u2019Etat strat\u00e8ge, le d\u00e9veloppement d\u2019une industrie nationale v\u00e9ritable orient\u00e9e vers la satisfaction des besoins du pays, la r\u00e9duction des importations et la mise en valeur des ressources naturelles du pays. Une industrie fond\u00e9e sur la diversification \u00e0 travers le d\u00e9veloppement des nouveaux m\u00e9tiers, de l\u2019industrie num\u00e9rique, de l\u2019\u00e9conomie verte et d\u2019autres branches.<\/p>\n<p>Il est \u00e9galement n\u00e9cessaire de d\u00e9velopper le secteur agricole sur de nouvelles bases, en accordant aux petits agriculteurs davantage d\u2019int\u00e9r\u00eat, a-t-il ajout\u00e9, estimant n\u00e9cessaire pour le pays de mettre en place une planification souple, qui pr\u00e9cise les objectifs \u00e0 atteindre et les priorit\u00e9s, un plan qui donne la priorit\u00e9 \u00e0 l\u2019investissement public dans dans l\u2019oeuvre de d\u00e9veloppement du pays.<\/p>\n<p>Pour ce faire, il importe aussi d\u2019int\u00e9grer le secteur informel dans l\u2019\u00e9conomie formelle du pays pour lutter contre la pr\u00e9carit\u00e9 et la pauvret\u00e9 et se donner davantage de moyens pour pouvoir cr\u00e9er un revenu minimum de dignit\u00e9 au profit des plus d\u00e9munis, a-t-il soulign\u00e9.<\/p>\n<p>Dans le cadre de ce plan, il importe de m\u00eame de renforcer l\u2019\u00e9cole publique et les secteurs de l\u2019enseignement et de la sant\u00e9, a-t-il ajout\u00e9.<\/p>\n<p>Aux termes de ses propositions, le PPS consid\u00e8re aussi que la culture est un secteur productif en mesure de contribuer au renforcement de l\u2019\u00e9conomie nationale, a-t-il rappel\u00e9, tout en appelant \u00e0 l\u2019am\u00e9lioration de la gouvernance de la gestion des affaires du pays pour lutter efficacement contre le gaspillage des richesses et la perte du temps, sans oublier d\u2019intensifier le combat contre l\u2019\u00e9conomie de rente et la corruption.<\/p>\n<p class=\"has-text-color has-vivid-red-color\"><strong>\u00a0Voter pour sauver la d\u00e9mocratie<\/strong><\/p>\n<p>Interrog\u00e9 au sujet des pr\u00e9paratifs du PPS en pr\u00e9vision des prochaines \u00e9lections, il a indiqu\u00e9 qu\u2019ils se poursuivent dans de bonnes conditions, faisant savoir que le parti\u00a0 a d\u00e9j\u00e0 valid\u00e9 ses candidatures dans 60% des circonscriptions du pays.<\/p>\n<p>Aux termes de ces \u00e9lections, le PPS aspire \u00e0 r\u00e9aliser de bons scores qui le placeront parmi les quatre ou cinq premiers, a-t-il fait savoir, appelant les citoyennes et citoyens et en particulier les jeunes \u00e0 y participer massivement pour faire entendre leur voix et contribuer \u00e0 l\u2019\u00e9mergence d\u2019un gouvernement capable de satisfaire leurs attentes.\u00a0<\/p>\n<p>Il ne faut pas se contenter de critiquer, il faut remplir son devoir civique en participant \u00e0 ce scrutin d\u00e9cisif dans la vie politique du pays, a-t-il estim\u00e9. Quant \u00e0 ceux qui affirment \u00e0 tort qu\u2019il n\u2019y a rien \u00e0 attendre de tous les partis politiques parce qu\u2019ils se ressemblent, selon eux, ils doivent prendre conscience de l\u2019importance du r\u00f4le qu\u2019ils ont \u00e0 jouer lors des \u00e9lections pour barrer la route \u00e0 toutes les tentatives de revenir sur les acquis d\u00e9mocratiques arrach\u00e9s de haute lutte par les g\u00e9n\u00e9rations pr\u00e9c\u00e9dentes.<\/p>\n<p>En attendant, le PPS joue pleinement son r\u00f4le \u00e0 partir de sa position au sein de l\u2019opposition en coordination avec les partis de l\u2019Istiqlal et du PAM, aspirant \u00e0 ce que toutes les mesures soient prises pour que les prochaines \u00e9lections se d\u00e9roulent dans de bonnes conditions dans l\u2019int\u00e9r\u00eat du pays et du peuple, a ajout\u00e9 le Secr\u00e9taire G\u00e9n\u00e9ral.<\/p>\n<p>Dans leur dernier communiqu\u00e9 conjoint, a-t-il rappel\u00e9, les trois partis politiques expriment en effet leur volont\u00e9 d\u2019\u0153uvrer pour l\u2019\u00e9mergence d\u2019un gouvernement fort et capables d\u2019entreprendre de vraies r\u00e9formes, d\u00e9noncent l\u2019instrumentalisation politicienne de l\u2019\u0153uvre caritative et solidaire \u00e0 des fins \u00e9lectoralistes et s\u2019engagent \u00e0 poursuivre leur action pour le renforcement de l\u2019Etat national et d\u00e9mocratique et l\u2019augmentation du taux de participation aux prochaines \u00e9lections pour assurer aux institutions \u00e9lues la cr\u00e9dibilit\u00e9 et la l\u00e9gitimit\u00e9 requise.<\/p>\n<p>Dans le cadre de leur coordination, les trois partis politiques agissant en bloc de l\u2019opposition ont exprim\u00e9 des positions communes et \u00e9labor\u00e9 des documents communs dont un m\u00e9morandum au sujet des \u00e9ch\u00e9ances \u00e9lectorales.<\/p>\n<div class=\"wp-block-image\">\n<figure class=\"aligncenter is-resized\"><img loading=\"lazy\" decoding=\"async\" src=\"http:\/\/albayane.press.ma\/wp-content\/uploads\/en-bas-de-la-page-1.jpg\" alt=\"\" class=\"wp-image-111333\" width=\"508\" height=\"300\"\/><\/figure>\n<\/div>\n<p>Auteur: M&rsquo;hammed rahal<br \/>\n<a href=\"http:\/\/albayane.press.ma\/%EF%BB%BFlactuel-gouvernement-est-le-plus-faible-depuis-lindependance.html\">Cliquez ici pour lire l&rsquo;article depuis sa source.<\/a><\/p>\n","protected":false},"excerpt":{"rendered":"<p>Benabdallah, invit\u00e9 de la fondation Fqih Titouani M\u2019Barek Tafsi Le Secr\u00e9taire G\u00e9n\u00e9ral du Parti du Progr\u00e8s et du Socialisme, Mohamed Nabil Benabdallah, qui \u00e9tait l\u2019invit\u00e9, lundi soir de la Fondation Fquih Titouani, dans le cadre d\u2019un cycle de rencontres, organis\u00e9es durant le mois de Ramadan autour des pr\u00e9occupations et des attentes populaires, \u00e0 quelques mois [&hellip;]<\/p>\n","protected":false},"author":1760,"featured_media":0,"comment_status":"closed","ping_status":"closed","sticky":false,"template":"","format":"standard","meta":{"fifu_image_url":"http:\/\/albayane.press.ma\/wp-content\/uploads\/2-moussa.jpg","fifu_image_alt":"\ufeffL\u2019actuel gouvernement est le plus faible depuis l\u2019ind\u00e9pendance","footnotes":""},"categories":[73,54],"tags":[],"class_list":["post-115743","post","type-post","status-publish","format-standard","hentry","category-actualite","category-maroc"],"_links":{"self":[{"href":"https:\/\/linitiative.ca\/International\/wp-json\/wp\/v2\/posts\/115743","targetHints":{"allow":["GET"]}}],"collection":[{"href":"https:\/\/linitiative.ca\/International\/wp-json\/wp\/v2\/posts"}],"about":[{"href":"https:\/\/linitiative.ca\/International\/wp-json\/wp\/v2\/types\/post"}],"author":[{"embeddable":true,"href":"https:\/\/linitiative.ca\/International\/wp-json\/wp\/v2\/users\/1760"}],"replies":[{"embeddable":true,"href":"https:\/\/linitiative.ca\/International\/wp-json\/wp\/v2\/comments?post=115743"}],"version-history":[{"count":0,"href":"https:\/\/linitiative.ca\/International\/wp-json\/wp\/v2\/posts\/115743\/revisions"}],"wp:attachment":[{"href":"https:\/\/linitiative.ca\/International\/wp-json\/wp\/v2\/media?parent=115743"}],"wp:term":[{"taxonomy":"category","embeddable":true,"href":"https:\/\/linitiative.ca\/International\/wp-json\/wp\/v2\/categories?post=115743"},{"taxonomy":"post_tag","embeddable":true,"href":"https:\/\/linitiative.ca\/International\/wp-json\/wp\/v2\/tags?post=115743"}],"curies":[{"name":"wp","href":"https:\/\/api.w.org\/{rel}","templated":true}]}}