{"id":115744,"date":"2021-04-27T14:00:59","date_gmt":"2021-04-27T18:00:59","guid":{"rendered":"https:\/\/linitiative.ca\/International\/ait-taleb-les-personnes-a-risque-de-55-ans-bientot-epargnees\/"},"modified":"2021-04-27T14:00:59","modified_gmt":"2021-04-27T18:00:59","slug":"ait-taleb-les-personnes-a-risque-de-55-ans-bientot-epargnees","status":"publish","type":"post","link":"https:\/\/linitiative.ca\/International\/ait-taleb-les-personnes-a-risque-de-55-ans-bientot-epargnees\/","title":{"rendered":"Ait Taleb : \u00ables personnes \u00e0 risque de +55 ans bient\u00f4t \u00e9pargn\u00e9es\u00bb"},"content":{"rendered":"<p><strong>Le Maroc sera en mesure, dans quelques mois, de pr\u00e9server la sant\u00e9 des personnes pr\u00e9sentant des facteurs de risque et \u00e2g\u00e9es de plus de 55 ans, a indiqu\u00e9 lundi \u00e0 Rabat, le ministre de la sant\u00e9, Khalid Ait Taleb.<\/strong><\/p>\n<p>En r\u00e9ponse \u00e0 une question centrale \u00e0 la Chambre des repr\u00e9sentants sur les r\u00e9percussions de la Covid-19 sur le d\u00e9veloppement du syst\u00e8me de sant\u00e9 au Maroc et sur la g\u00e9n\u00e9ralisation de la couverture m\u00e9dicale, le ministre a relev\u00e9 que le Maroc sera \u00e0 m\u00eame de r\u00e9aliser ses objectifs strat\u00e9giques en termes de vaccination, pouvant ainsi \u00e9radiquer les cas graves et les d\u00e9c\u00e8s li\u00e9s \u00e0 la Covid-19, tout en ma\u00eetrisant l\u2019\u00e9volution de la pand\u00e9mie et en atteignant l\u2019immunit\u00e9 collective.<\/p>\n<p>Ainsi, m\u00eame en cas de retard d\u2019approvisionnement ou d\u2019\u00e9puisement du stock de vaccin, le Maroc aura r\u00e9duit de fa\u00e7on significative les cas graves et les d\u00e9c\u00e8s li\u00e9s \u00e0 la Covid-19, estime le responsable gouvernemental, mettant en exergue la stabilisation de la situation \u00e9pid\u00e9miologique au Royaume.<\/p>\n<p>A cet \u00e9gard, M. Ait Taleb rel\u00e8ve que la tendance \u00e9pid\u00e9miologique a enregistr\u00e9 une baisse significative et que le taux quotidien de d\u00e9c\u00e8s li\u00e9 au virus a consid\u00e9rablement diminu\u00e9, en passant de 92 d\u00e9c\u00e8s (pic du 20 novembre) \u00e0 4 au cours des derni\u00e8res 24H, pr\u00e9cisant que le taux de l\u00e9talit\u00e9 demeure, quant \u00e0 lui, stable \u00e0 1,8.<\/p>\n<p>De m\u00eame, poursuit-il, le taux d\u2019incidence en 24H a consid\u00e9rablement diminu\u00e9 avec 0,9 pour 100.000 habitants et 326 nouveaux cas contre pr\u00e8s de 6.195 nouveau cas au 12 novembre 2020, ajoutant que le taux d\u2019occupation des lits de r\u00e9animation Covid-19 est pass\u00e9 de 39% \u00e0 12,6%. S\u2019agissant des cas de gu\u00e9rison, ils sont au nombre de 390 pour les derni\u00e8res 24H, soit un taux de gu\u00e9rison de 97,2% a-t-il fait savoir.<\/p>\n<p>Par ailleurs, M. Ait Taleb a mis en avant l\u2019\u00e9mergence des nouvelles souches du coronavirus sur le territoire national, rendant difficile de pr\u00e9voir l\u2019\u00e9volution de la situation \u00e9pid\u00e9miologique pour les prochains jours.<\/p>\n<p>C\u2019est dans ce sens, poursuit-il, que le minist\u00e8re de la sant\u00e9 \u00e0 mis en place le dispositif de veille g\u00e9nomique du SARS-CoV2, pour l\u2019\u00e9tude et l\u2019analyse des diff\u00e9rents variants d\u00e9tect\u00e9s, affirmant que l\u2019apparition de nouvelles souches est un ph\u00e9nom\u00e8ne virologique courant.<\/p>\n<p>En outre, le ministre a salu\u00e9 l\u2019initiative gouvernementale prolongeant l\u2019\u00e9tat d\u2019urgence sanitaire et instaurant des restrictions de d\u00e9placement pendant le mois sacr\u00e9 du Ramadan, soulignant que le Royaume n\u2019a toujours pas atteint l\u2019immunit\u00e9 collective.<\/p>\n<p>Selon le ministre, la situation \u00e9pid\u00e9miologique au Maroc est relativement ma\u00eetris\u00e9e, malgr\u00e9 l\u2019apparition des nouveaux variants sur le territoire. Cependant, a-t-il relev\u00e9, les citoyens sont appel\u00e9s \u00e0 faire preuve de vigilance et de respect des mesures sanitaires en vigueur, afin d\u2019\u00e9viter une recrudescence de la situation, telle qu\u2019observ\u00e9e dans certains pays d\u2019Am\u00e9rique et d\u2019Asie.<\/p>\n<p>Sur un autre volet, le responsable gouvernemental s\u2019est f\u00e9licit\u00e9 de la r\u00e9ussite de la campagne de vaccination au Royaume, gr\u00e2ce \u00e0 la vision proactive de Sa Majest\u00e9 le Roi Mohammed VI et ses directives visant la pr\u00e9servation de la s\u00e9curit\u00e9 sanitaire des citoyens, ajoutant que selon l\u2019Organisation mondiale de la sant\u00e9 (OMS), le Royaume figure parmi les 10 meilleurs pays en termes de campagne de vaccination anti-Covid19.<\/p>\n<p>Ainsi, le Maroc veille \u00e0 assurer la s\u00e9curit\u00e9 sanitaire des citoyens, notamment les personnes vuln\u00e9rables, en adoptant diverses mesures sanitaires et en prenant plusieurs pr\u00e9cautions, telles que la suspension des vols vers certains pays concern\u00e9s par l\u2019annonce de l\u2019\u00e9mergence de nouveaux variants du coronavirus.<\/p>\n<p>Auteur: M&rsquo;hammed rahal<br \/>\n<a href=\"http:\/\/albayane.press.ma\/ait-taleb-les-personnes-a-risque-de-55-ans-bientot-epargnees.html\">Cliquez ici pour lire l&rsquo;article depuis sa source.<\/a><\/p>\n","protected":false},"excerpt":{"rendered":"<p>Le Maroc sera en mesure, dans quelques mois, de pr\u00e9server la sant\u00e9 des personnes pr\u00e9sentant des facteurs de risque et \u00e2g\u00e9es de plus de 55 ans, a indiqu\u00e9 lundi \u00e0 Rabat, le ministre de la sant\u00e9, Khalid Ait Taleb. En r\u00e9ponse \u00e0 une question centrale \u00e0 la Chambre des repr\u00e9sentants sur les r\u00e9percussions de la [&hellip;]<\/p>\n","protected":false},"author":1760,"featured_media":0,"comment_status":"closed","ping_status":"closed","sticky":false,"template":"","format":"standard","meta":{"fifu_image_url":"","fifu_image_alt":"","footnotes":""},"categories":[73,54],"tags":[],"class_list":["post-115744","post","type-post","status-publish","format-standard","hentry","category-actualite","category-maroc"],"_links":{"self":[{"href":"https:\/\/linitiative.ca\/International\/wp-json\/wp\/v2\/posts\/115744","targetHints":{"allow":["GET"]}}],"collection":[{"href":"https:\/\/linitiative.ca\/International\/wp-json\/wp\/v2\/posts"}],"about":[{"href":"https:\/\/linitiative.ca\/International\/wp-json\/wp\/v2\/types\/post"}],"author":[{"embeddable":true,"href":"https:\/\/linitiative.ca\/International\/wp-json\/wp\/v2\/users\/1760"}],"replies":[{"embeddable":true,"href":"https:\/\/linitiative.ca\/International\/wp-json\/wp\/v2\/comments?post=115744"}],"version-history":[{"count":0,"href":"https:\/\/linitiative.ca\/International\/wp-json\/wp\/v2\/posts\/115744\/revisions"}],"wp:attachment":[{"href":"https:\/\/linitiative.ca\/International\/wp-json\/wp\/v2\/media?parent=115744"}],"wp:term":[{"taxonomy":"category","embeddable":true,"href":"https:\/\/linitiative.ca\/International\/wp-json\/wp\/v2\/categories?post=115744"},{"taxonomy":"post_tag","embeddable":true,"href":"https:\/\/linitiative.ca\/International\/wp-json\/wp\/v2\/tags?post=115744"}],"curies":[{"name":"wp","href":"https:\/\/api.w.org\/{rel}","templated":true}]}}