{"id":115745,"date":"2021-04-28T08:01:49","date_gmt":"2021-04-28T12:01:49","guid":{"rendered":"https:\/\/linitiative.ca\/International\/maher-medhioub-lassaillant-de-rambouillet-na-jamais-visite-larp\/"},"modified":"2021-04-28T08:01:49","modified_gmt":"2021-04-28T12:01:49","slug":"maher-medhioub-lassaillant-de-rambouillet-na-jamais-visite-larp","status":"publish","type":"post","link":"https:\/\/linitiative.ca\/International\/maher-medhioub-lassaillant-de-rambouillet-na-jamais-visite-larp\/","title":{"rendered":"Maher Medhioub: \u00ab\u00a0L\u2019assaillant de Rambouillet n\u2019a jamais visit\u00e9 l\u2019ARP\u00a0\u00bb"},"content":{"rendered":"<div class=\"field field-name-body field-type-text-with-summary field-label-hidden field-items field-item even\">\n<p class=\"rtejustify\">Le vice-pr\u00e9sident de \u00a0l\u2019ARP, charg\u00e9 de l\u2019information, Maher Medhioub a cat\u00e9goriquement rejet\u00e9, ce mercredi 28 avril 2021, l\u2019information selon laquelle, Jamel Gorchene, le tueur de Rambouillet, qui avait \u00e9gorg\u00e9 un agent de la police en France, avait visit\u00e9 l\u2019ARP sur invitation de la Coalition Al Karama.<\/p>\n<p class=\"rtejustify\">Medhioub a estim\u00e9 qu\u2019apr\u00e8s avoir proc\u00e9d\u00e9 \u00e0 des v\u00e9rifications aupr\u00e8s de la suret\u00e9 pr\u00e9sidentielle \u00e0 l\u2019ARP et apr\u00e8s consult\u00e9 le registre des visiteurs, il s\u2019est av\u00e9r\u00e9 que Jamel Gorchene n\u2019a jamais mis les pieds \u00e0 l\u2019ARP.<\/p>\n<\/div>\n<div class=\"view view-frontpage view-id-frontpage view-display-id-block_related view-dom-id-1527ed81baad2c9932d342a3cbd38bd5 view-content list-group\"><strong>Source ; espacemanager<\/strong><\/div>\n<div class=\"wp-post-author-wrap wp-post-author-shortcode left\">\n<h3 class=\"awpa-title\"\/>\n<div class=\"wp-post-author\">\n<div class=\"awpa-img awpa-author-block square\"><a href=\"http:\/\/lexpertjournal.net\/fr\/?author=5\"><img loading=\"lazy\" decoding=\"async\" alt=\"\" src=\"http:\/\/0.gravatar.com\/avatar\/97f8e10a1c1125ba104a76514ee07b16?s=150&amp;d=mm&amp;r=g\" srcset=\"http:\/\/0.gravatar.com\/avatar\/97f8e10a1c1125ba104a76514ee07b16?s=300&amp;d=mm&amp;r=g 2x\" class=\"avatar avatar-150 photo\" height=\"150\" width=\"150\"\/><\/a><\/div>\n<\/div>\n<\/div>\n<aside class=\"mashsb-container mashsb-main mashsb-stretched\">\n<\/aside>\n<p>Auteur: L&rsquo;expert<br \/>\n<a href=\"http:\/\/lexpertjournal.net\/fr\/?p=19844\">Cliquez ici pour lire l&rsquo;article depuis sa source.<\/a><\/p>\n","protected":false},"excerpt":{"rendered":"<p>Le vice-pr\u00e9sident de \u00a0l\u2019ARP, charg\u00e9 de l\u2019information, Maher Medhioub a cat\u00e9goriquement rejet\u00e9, ce mercredi 28 avril 2021, l\u2019information selon laquelle, Jamel Gorchene, le tueur de Rambouillet, qui avait \u00e9gorg\u00e9 un agent de la police en France, avait visit\u00e9 l\u2019ARP sur invitation de la Coalition Al Karama. Medhioub a estim\u00e9 qu\u2019apr\u00e8s avoir proc\u00e9d\u00e9 \u00e0 des v\u00e9rifications [&hellip;]<\/p>\n","protected":false},"author":1775,"featured_media":0,"comment_status":"closed","ping_status":"closed","sticky":false,"template":"","format":"standard","meta":{"fifu_image_url":"http:\/\/0.gravatar.com\/avatar\/97f8e10a1c1125ba104a76514ee07b16?s=150&d=mm&r=g","fifu_image_alt":"Maher Medhioub: \u00ab\u00a0L\u2019assaillant de Rambouillet n\u2019a jamais visit\u00e9 l\u2019ARP\u00a0\u00bb","footnotes":""},"categories":[78,55],"tags":[],"class_list":["post-115745","post","type-post","status-publish","format-standard","hentry","category-economie","category-tunisie"],"_links":{"self":[{"href":"https:\/\/linitiative.ca\/International\/wp-json\/wp\/v2\/posts\/115745","targetHints":{"allow":["GET"]}}],"collection":[{"href":"https:\/\/linitiative.ca\/International\/wp-json\/wp\/v2\/posts"}],"about":[{"href":"https:\/\/linitiative.ca\/International\/wp-json\/wp\/v2\/types\/post"}],"author":[{"embeddable":true,"href":"https:\/\/linitiative.ca\/International\/wp-json\/wp\/v2\/users\/1775"}],"replies":[{"embeddable":true,"href":"https:\/\/linitiative.ca\/International\/wp-json\/wp\/v2\/comments?post=115745"}],"version-history":[{"count":0,"href":"https:\/\/linitiative.ca\/International\/wp-json\/wp\/v2\/posts\/115745\/revisions"}],"wp:attachment":[{"href":"https:\/\/linitiative.ca\/International\/wp-json\/wp\/v2\/media?parent=115745"}],"wp:term":[{"taxonomy":"category","embeddable":true,"href":"https:\/\/linitiative.ca\/International\/wp-json\/wp\/v2\/categories?post=115745"},{"taxonomy":"post_tag","embeddable":true,"href":"https:\/\/linitiative.ca\/International\/wp-json\/wp\/v2\/tags?post=115745"}],"curies":[{"name":"wp","href":"https:\/\/api.w.org\/{rel}","templated":true}]}}