{"id":115746,"date":"2021-04-28T08:11:36","date_gmt":"2021-04-28T12:11:36","guid":{"rendered":"https:\/\/linitiative.ca\/International\/ubci-hassine-doghri-nomme-president-du-conseil-dadministration-et-mohamed-koubaa-nouveau-directeur-general\/"},"modified":"2021-04-28T08:11:36","modified_gmt":"2021-04-28T12:11:36","slug":"ubci-hassine-doghri-nomme-president-du-conseil-dadministration-et-mohamed-koubaa-nouveau-directeur-general","status":"publish","type":"post","link":"https:\/\/linitiative.ca\/International\/ubci-hassine-doghri-nomme-president-du-conseil-dadministration-et-mohamed-koubaa-nouveau-directeur-general\/","title":{"rendered":"UBCI : Hassine Doghri nomm\u00e9 pr\u00e9sident du Conseil d\u2019Administration et Mohamed Koub\u00e2a nouveau Directeur G\u00e9n\u00e9ral"},"content":{"rendered":"<h2>Dans la continuit\u00e9 de l\u2019accord finalis\u00e9 en mars 2021 portant sur la cession par le groupe BNP Paribas de ses parts dans le capital de l\u2019UBCI \u00e0 hauteur de 39% au\u00a0<a href=\"http:\/\/www.leconomistemaghrebin.com\/2019\/08\/28\/groupe-carte-39-capital-ubci\/\" target=\"_blank\" rel=\"noopener noreferrer\">Groupe CARTE<\/a>, nouvel actionnaire de r\u00e9f\u00e9rence, l\u2019Assembl\u00e9e G\u00e9n\u00e9rale Ordinaire des actionnaires de l\u2019UBCI se tenait le 27 avril 2021. L\u2019AGO a ratifi\u00e9 la nomination des nouveaux Administrateurs suivants :<\/h2>\n<ul>\n<li>Hassine Doghri<\/li>\n<li>Hakim Doghri<\/li>\n<li>Laureen Kouassi Olssen (membre ind\u00e9pendant),<\/li>\n<li>Radhi Meddeb<\/li>\n<li>La soci\u00e9t\u00e9 \u00ab Serenity Capital Finance Holding \u00bb avec pour repr\u00e9sentant permanent Mehdi Bouhaouala.<\/li>\n<\/ul>\n<p>Tout en tenant compte des anciens administrateurs, \u00e0 savoir :<\/p>\n<ul>\n<li>Mehdi Tamarziste<\/li>\n<li>S\u00e9lim Riahi<\/li>\n<li>Sonya Bouricha<\/li>\n<li>Neila Ben Zina (membre ind\u00e9pendant)<\/li>\n<li>Samia Zouaoui (membre ind\u00e9pendant).<\/li>\n<\/ul>\n<p>Le Conseil d\u2019Administration de l\u2019UBCI s\u2019inscrit dans le respect des conditions de parit\u00e9 et d\u2019ind\u00e9pendance de l\u2019organe de gouvernance.<\/p>\n<p>A l\u2019issue de l\u2019AGO, le Conseil d\u2019Administration de l\u2019UBCI s\u2019est r\u00e9uni et a d\u00e9cid\u00e9 de nommer Hassine Doghri en qualit\u00e9 de Pr\u00e9sident du Conseil d\u2019Administration en remplacement de Fathi Mestiri et Mohamed Koub\u00e2a en qualit\u00e9 de Directeur G\u00e9n\u00e9ral en remplacement de M.Pierre B\u00e9r\u00e9govoy.<\/p>\n<h2>Profil de Mohamed Koub\u00e2a, nouveau Directeur G\u00e9n\u00e9ral<\/h2>\n<p>Mohamed Koub\u00e2a poss\u00e8de une exp\u00e9rience de 25 ans au c\u0153ur des march\u00e9s financiers. Apr\u00e8s avoir int\u00e9gr\u00e9 l\u2019\u00c9cole Centrale de Paris, puis\u00a0compl\u00e9t\u00e9 sa formation par un DEA en math\u00e9matiques stochastiques de l\u2019Universit\u00e9 Paris I-Sorbonne,\u00a0il commence\u00a0son parcours professionnel \u00e0\u00a0la Caisse Nationale du Cr\u00e9dit Agricole en 1996 au sein de la salle des march\u00e9s. En tant que trader, puis en tant que responsable de trading, il a g\u00e9r\u00e9 plusieurs portefeuilles d\u00e9riv\u00e9s de taux et de change.<\/p>\n<p>Il a d\u00e9velopp\u00e9 des produits dits complexes sous forme de notes structur\u00e9es en faveur des clients de la banque \u00e0 la fois corporate et institutionnels.<\/p>\n<p>Il a aussi particip\u00e9 \u00e0 plusieurs fusions notamment celle avec la banque Indosuez en 1998 puis avec le Cr\u00e9dit Lyonnais en 2004.<\/p>\n<p>Suite \u00e0 la crise financi\u00e8re de 2008, il fut en charge de recouvrer les portefeuilles en difficult\u00e9 et de proposer une restructuration pour les commercialiser de nouveau.<\/p>\n<p>Depuis 2017, M. Koub\u00e2a accompagne la Direction G\u00e9n\u00e9rale d\u2019une banque publique dans la conduite d\u2019une profonde transformation et la pr\u00e9paration d\u2019un nouveau plan strat\u00e9gique.<\/p>\n<p>Il a pr\u00e9sid\u00e9\u00a0<a href=\"https:\/\/atuge.org\/\" target=\"_blank\" rel=\"noopener noreferrer\">l\u2019Association des Tunisiens des Grandes \u00c9coles<\/a>\u00a0en France entre 1999 et 2001.<\/p>\n<div class=\"wp-post-author-wrap wp-post-author-shortcode left\">\n<h3 class=\"awpa-title\"\/>\n<div class=\"wp-post-author\">\n<div class=\"awpa-img awpa-author-block square\"><a href=\"http:\/\/lexpertjournal.net\/fr\/?author=5\"><img loading=\"lazy\" decoding=\"async\" alt=\"\" src=\"http:\/\/0.gravatar.com\/avatar\/97f8e10a1c1125ba104a76514ee07b16?s=150&amp;d=mm&amp;r=g\" srcset=\"http:\/\/0.gravatar.com\/avatar\/97f8e10a1c1125ba104a76514ee07b16?s=300&amp;d=mm&amp;r=g 2x\" class=\"avatar avatar-150 photo\" height=\"150\" width=\"150\"\/><\/a><\/div>\n<\/div>\n<\/div>\n<aside class=\"mashsb-container mashsb-main mashsb-stretched\">\n<\/aside>\n<p>Auteur: L&rsquo;expert<br \/>\n<a href=\"http:\/\/lexpertjournal.net\/fr\/?p=19847\">Cliquez ici pour lire l&rsquo;article depuis sa source.<\/a><\/p>\n","protected":false},"excerpt":{"rendered":"<p>Dans la continuit\u00e9 de l\u2019accord finalis\u00e9 en mars 2021 portant sur la cession par le groupe BNP Paribas de ses parts dans le capital de l\u2019UBCI \u00e0 hauteur de 39% au\u00a0Groupe CARTE, nouvel actionnaire de r\u00e9f\u00e9rence, l\u2019Assembl\u00e9e G\u00e9n\u00e9rale Ordinaire des actionnaires de l\u2019UBCI se tenait le 27 avril 2021. L\u2019AGO a ratifi\u00e9 la nomination des [&hellip;]<\/p>\n","protected":false},"author":1775,"featured_media":0,"comment_status":"closed","ping_status":"closed","sticky":false,"template":"","format":"standard","meta":{"fifu_image_url":"http:\/\/0.gravatar.com\/avatar\/97f8e10a1c1125ba104a76514ee07b16?s=150&d=mm&r=g","fifu_image_alt":"UBCI : Hassine Doghri nomm\u00e9 pr\u00e9sident du Conseil d\u2019Administration et Mohamed Koub\u00e2a nouveau Directeur G\u00e9n\u00e9ral","footnotes":""},"categories":[78,55],"tags":[],"class_list":["post-115746","post","type-post","status-publish","format-standard","hentry","category-economie","category-tunisie"],"_links":{"self":[{"href":"https:\/\/linitiative.ca\/International\/wp-json\/wp\/v2\/posts\/115746","targetHints":{"allow":["GET"]}}],"collection":[{"href":"https:\/\/linitiative.ca\/International\/wp-json\/wp\/v2\/posts"}],"about":[{"href":"https:\/\/linitiative.ca\/International\/wp-json\/wp\/v2\/types\/post"}],"author":[{"embeddable":true,"href":"https:\/\/linitiative.ca\/International\/wp-json\/wp\/v2\/users\/1775"}],"replies":[{"embeddable":true,"href":"https:\/\/linitiative.ca\/International\/wp-json\/wp\/v2\/comments?post=115746"}],"version-history":[{"count":0,"href":"https:\/\/linitiative.ca\/International\/wp-json\/wp\/v2\/posts\/115746\/revisions"}],"wp:attachment":[{"href":"https:\/\/linitiative.ca\/International\/wp-json\/wp\/v2\/media?parent=115746"}],"wp:term":[{"taxonomy":"category","embeddable":true,"href":"https:\/\/linitiative.ca\/International\/wp-json\/wp\/v2\/categories?post=115746"},{"taxonomy":"post_tag","embeddable":true,"href":"https:\/\/linitiative.ca\/International\/wp-json\/wp\/v2\/tags?post=115746"}],"curies":[{"name":"wp","href":"https:\/\/api.w.org\/{rel}","templated":true}]}}