{"id":115747,"date":"2021-04-28T08:36:04","date_gmt":"2021-04-28T12:36:04","guid":{"rendered":"https:\/\/linitiative.ca\/International\/athletisme-les-championnats-arabe-seniors-du-15-au-22-juin-a-rades\/"},"modified":"2021-04-28T08:36:04","modified_gmt":"2021-04-28T12:36:04","slug":"athletisme-les-championnats-arabe-seniors-du-15-au-22-juin-a-rades","status":"publish","type":"post","link":"https:\/\/linitiative.ca\/International\/athletisme-les-championnats-arabe-seniors-du-15-au-22-juin-a-rades\/","title":{"rendered":"Athl\u00e9tisme : les Championnats arabe seniors du 15 au 22 juin \u00e0 Rades"},"content":{"rendered":"<p><strong>En collaboration avec l\u2019Union arabe d\u2019athl\u00e9tisme (UAA), la f\u00e9d\u00e9ration Tunisienne d\u2019Athl\u00e9tisme (FTA) organisera, du 15 au 22 juin prochain, la 22<sup>e<\/sup>\u00a0\u00e9dition\u00a0du championnat arabe s\u00e9niors (messieurs et dames) au stade d\u2019athl\u00e9tisme de Rad\u00e8s.<\/strong><\/p>\n<p>Khaled Amara, pr\u00e9sident de la F\u00e9d\u00e9ration tunisienne d\u2019athl\u00e9tisme (FTA), nous a indiqu\u00e9, que la F\u00e9d\u00e9ration a mis tous les moyens humains et mat\u00e9riels pour assurer la r\u00e9ussite de ce championnat arabe.<\/p>\n<p>\u201cNous avons commenc\u00e9 le travail depuis plusieurs mois et nous esp\u00e9rons une grande r\u00e9ussite de ce championnat qui sera une bonne opportunit\u00e9 pour nos athl\u00e8tes de concourir avec les sportifs arabes et d\u2019am\u00e9liorer leur niveau en pr\u00e9vision des prochaines \u00e9ch\u00e9ances internationales \u201c a-t-il expliqu\u00e9.<\/p>\n<p>Le rendez-vous de Tunis constituera une occasion propice pour les athl\u00e8tes tunisiens dans l\u2019espoir de r\u00e9aliser les minimas de qualification pour les Jeux olympiques de Tokyo 2021, surtout que les r\u00e9sultats de cette joute arabe seront homologu\u00e9s par la f\u00e9d\u00e9ration internationale d\u2019athl\u00e9tisme(l\u2019Iaaf).<\/p>\n<p>DOUGGUI Belaid<\/p>\n<div class=\"wp-post-author-wrap wp-post-author-shortcode left\">\n<h3 class=\"awpa-title\"\/>\n<div class=\"wp-post-author\">\n<div class=\"awpa-img awpa-author-block square\"><a href=\"http:\/\/lexpertjournal.net\/fr\/?author=5\"><img loading=\"lazy\" decoding=\"async\" alt=\"\" src=\"http:\/\/0.gravatar.com\/avatar\/97f8e10a1c1125ba104a76514ee07b16?s=150&amp;d=mm&amp;r=g\" srcset=\"http:\/\/0.gravatar.com\/avatar\/97f8e10a1c1125ba104a76514ee07b16?s=300&amp;d=mm&amp;r=g 2x\" class=\"avatar avatar-150 photo\" height=\"150\" width=\"150\"\/><\/a><\/div>\n<\/div>\n<\/div>\n<aside class=\"mashsb-container mashsb-main mashsb-stretched\">\n<\/aside>\n<p>Auteur: L&rsquo;expert<br \/>\n<a href=\"http:\/\/lexpertjournal.net\/fr\/?p=19850\">Cliquez ici pour lire l&rsquo;article depuis sa source.<\/a><\/p>\n","protected":false},"excerpt":{"rendered":"<p>En collaboration avec l\u2019Union arabe d\u2019athl\u00e9tisme (UAA), la f\u00e9d\u00e9ration Tunisienne d\u2019Athl\u00e9tisme (FTA) organisera, du 15 au 22 juin prochain, la 22e\u00a0\u00e9dition\u00a0du championnat arabe s\u00e9niors (messieurs et dames) au stade d\u2019athl\u00e9tisme de Rad\u00e8s. Khaled Amara, pr\u00e9sident de la F\u00e9d\u00e9ration tunisienne d\u2019athl\u00e9tisme (FTA), nous a indiqu\u00e9, que la F\u00e9d\u00e9ration a mis tous les moyens humains et mat\u00e9riels [&hellip;]<\/p>\n","protected":false},"author":1775,"featured_media":0,"comment_status":"closed","ping_status":"closed","sticky":false,"template":"","format":"standard","meta":{"fifu_image_url":"http:\/\/0.gravatar.com\/avatar\/97f8e10a1c1125ba104a76514ee07b16?s=150&d=mm&r=g","fifu_image_alt":"Athl\u00e9tisme : les Championnats arabe seniors du 15 au 22 juin \u00e0 Rades","footnotes":""},"categories":[78,55],"tags":[],"class_list":["post-115747","post","type-post","status-publish","format-standard","hentry","category-economie","category-tunisie"],"_links":{"self":[{"href":"https:\/\/linitiative.ca\/International\/wp-json\/wp\/v2\/posts\/115747","targetHints":{"allow":["GET"]}}],"collection":[{"href":"https:\/\/linitiative.ca\/International\/wp-json\/wp\/v2\/posts"}],"about":[{"href":"https:\/\/linitiative.ca\/International\/wp-json\/wp\/v2\/types\/post"}],"author":[{"embeddable":true,"href":"https:\/\/linitiative.ca\/International\/wp-json\/wp\/v2\/users\/1775"}],"replies":[{"embeddable":true,"href":"https:\/\/linitiative.ca\/International\/wp-json\/wp\/v2\/comments?post=115747"}],"version-history":[{"count":0,"href":"https:\/\/linitiative.ca\/International\/wp-json\/wp\/v2\/posts\/115747\/revisions"}],"wp:attachment":[{"href":"https:\/\/linitiative.ca\/International\/wp-json\/wp\/v2\/media?parent=115747"}],"wp:term":[{"taxonomy":"category","embeddable":true,"href":"https:\/\/linitiative.ca\/International\/wp-json\/wp\/v2\/categories?post=115747"},{"taxonomy":"post_tag","embeddable":true,"href":"https:\/\/linitiative.ca\/International\/wp-json\/wp\/v2\/tags?post=115747"}],"curies":[{"name":"wp","href":"https:\/\/api.w.org\/{rel}","templated":true}]}}