{"id":115748,"date":"2021-04-28T09:22:15","date_gmt":"2021-04-28T13:22:15","guid":{"rendered":"https:\/\/linitiative.ca\/International\/quelle-image-offre-la-tunisie-delle-meme-bonjour-les-degats\/"},"modified":"2021-04-28T09:22:15","modified_gmt":"2021-04-28T13:22:15","slug":"quelle-image-offre-la-tunisie-delle-meme-bonjour-les-degats","status":"publish","type":"post","link":"https:\/\/linitiative.ca\/International\/quelle-image-offre-la-tunisie-delle-meme-bonjour-les-degats\/","title":{"rendered":"Quelle image offre la Tunisie d\u2019elle-m\u00eame ? Bonjour les d\u00e9g\u00e2ts !"},"content":{"rendered":"<div class=\"td-post-content\">\n<h2>Les d\u00e9roulements auxquels on assiste ces derniers jours n\u2019offrent pas une image reluisante de la Tunisie. Instabilit\u00e9, terrorisme et atteinte \u00e0 la libert\u00e9 de la presse. Ces d\u00e9roulements, dont des Tunisiens en sont responsables, constituent lorsqu\u2019ils sont associ\u00e9s ensemble un v\u00e9ritable cocktail Molotov.<\/h2>\n<p>Avez-vous entendu parler du Top of mind ? Si ce n\u2019est pas le cas, sachez que vous pratiquez ce concept marketing tous les jours. Chaque jour, et en fonction de votre exp\u00e9rience lorsque vous lisez des journaux et des livres, lorsque vous regardez la t\u00e9l\u00e9vision et \u00e9coutez la radio, ou encore quand vous discutez de tout et de rien, vous vous \u00eates faites une id\u00e9e du monde : des pays, des hommes, proches et lointains, des institutions, des entreprises, des \u0153uvres litt\u00e9raires, artistiques, etc.<\/p>\n<p>En fait, le Top of mind, qui d\u00e9signe \u00ab la notori\u00e9t\u00e9 de premier rang \u00bb, est un exercice routinier pour nous tous. Prenons des exemples : on vous parle d\u2019un pays de travailleurs, vous pensez quasiment toujours \u00e0 l\u2019Allemagne; d\u2019un pays riche, vous pensez, peut-\u00eatre, et en premier \u00e0 un pays du Golfe arabe. On engage un d\u00e9bat sur la rigueur, vous citez les Japonais ou encore les Sud-Cor\u00e9ens, etc.<\/p>\n<p>Il va sans dire que la Tunisie et les Tunisiens n\u2019\u00e9chappent pas \u00e0 ce sch\u00e9ma. Mais \u00e0 quoi nous associe-t-on aujourd\u2019hui ? Il est \u00e0 craindre que les d\u00e9roulements qui caract\u00e9risent notre pays et notre peuple ces derniers jours renvoient une image peu reluisante qui est en train de d\u00e9truire tout un capital b\u00e2ti pendant des d\u00e9cennies, y compris dans les ann\u00e9es qui ont suivi directement la r\u00e9volution du 14 janvier 2011.<\/p>\n<h2>A l\u2019exception de quelques \u00e9claircies<\/h2>\n<p>Mais \u00e0 quoi nous associe-t-on lorsqu\u2019on parle de nous ? Trois images sautent sans doute aux yeux du monde malheureusement quand notre pays est \u00e9voqu\u00e9 : instabilit\u00e9, terrorisme et atteinte \u00e0 la libert\u00e9 de la presse. Et ce n\u2019est pas l\u00e0 aussi une \u00e9lucubration d\u2019intellectuel que de le dire. L\u2019image, comme l\u2019ont pr\u00e9cis\u00e9 de nombreux sp\u00e9cialistes de la question, se construit strate apr\u00e8s strate, comme les couches de la terre, et gr\u00e2ce aux redondances. Et lorsqu\u2019elle s\u2019installe, il est bien difficile de l\u2019effacer. Les mauvaises images ont, comme on le dit souvent, la peau dure !<\/p>\n<p>Commen\u00e7ons par l\u2019instabilit\u00e9. Un domaine dans lequel on donne la preuve \u00e9vidente que nous sommes orf\u00e8vres en la mati\u00e8re. Il ne se passe pas un jour sans que par une d\u00e9claration, une d\u00e9cision, voire une fuite, nous apparaissons aux yeux du monde comme des emp\u00eacheurs de tourner en rond. On nous dira que la politique est ainsi faite. Mais trop, c\u2019est trop. A l\u2019exception de quelques \u00e9claircies, les deux t\u00eates de l\u2019ex\u00e9cutif ont, depuis 2011, pratiquement \u00e9t\u00e9 toujours en guerre. Marzouki et Hamadi Jbali, B\u00e9ji Ca\u00efd Essebsi et Chahed et Ka\u00efs Sa\u00efed et Hichem Mechichi. Le d\u00e9mon numide, \u00e9voqu\u00e9 tant de fois par le premier pr\u00e9sident Habib Bourguiba, n\u2019en finit par de r\u00e9apparaitre. Comme le montre du Loc Ness !<\/p>\n<h2>Il en \u00ab pin\u00e7ait pour le mouvement \u00ab Al-Karama \u00bb<\/h2>\n<p>Deuxi\u00e8me avatar : le terrorisme. Le 23 avril 2021, un compatriote Jamel Gorchene, \u00e9gorge \u00e0 Rambouillet (45 Km au Sud-Ouest de Paris) une polici\u00e8re. L\u2019acte \u00e9meut la France et r\u00e9veille les soup\u00e7ons sur des op\u00e9rations terroristes perp\u00e9tr\u00e9es par des Tunisiens. La derni\u00e8re a eu lieu, en octobre 2020, \u00e0 Nice (Sud de la France), lorsqu\u2019un autre tunisien tuait trois personnes dans une basilique \u00e0 coup de couteau. Une partie de la presse se d\u00e9cha\u00eene. Notre confr\u00e8re Marianne parle dans un de ses articles d\u2019une \u00ab Tunisie, base arri\u00e8re du terrorisme islamiste \u00bb. Le Figaro titre, quant \u00e0 lui, dans une de ses \u00e9ditions \u00ab La Tunisie en proie au d\u00e9mon du terrorisme \u00bb.<br \/>D\u2019autres, comme Monde-Afrique, mettent en \u00e9vidence les relations du terroriste de Rambouillet avec \u00ab Mohamed Lahouaiej Bouhlel, install\u00e9 \u00e0 Nice depuis cinq ans et qui sera l\u2019auteur du terrible attentat de 2016 (86 morts) \u00bb. Et souligne qu\u2019il \u00ab pin\u00e7ait pour le mouvement Al-Karama \u00bb et ses pr\u00e9dicateurs r\u00e9actionnaires, tout comme une masse de jeunes islamistes \u00e9nerv\u00e9s\u00a0\u00bb.<\/p>\n<p>Troisi\u00e8me image colport\u00e9e ces derniers jours : la nomination d\u2019un PDG d\u2019un m\u00e9dia tunisien qui a voulu s\u2019installer dans son bureau, le 14 avril 2021, par les forces de l\u2019ordre. Un acte d\u2019atteinte \u00e0 la libert\u00e9 de presse \u00e9videmment largement condamn\u00e9 par de nombreuses organisations et associations tunisiennes et \u00e9trang\u00e8res comme la F\u00e9d\u00e9ration Internationale des Juristes (FIJ) ou encore Reporter Sans Fronti\u00e8res (RSF) qui a fait perdre une place \u00e0 notre pays\u00a0dans son classement sur les libert\u00e9s de la presse, publi\u00e9 le 20 avril 2021.<\/p>\n<h2>Un facteur diff\u00e9renciant<\/h2>\n<p>Et il ne faut pas beaucoup de capacit\u00e9 d\u2019analyse pour comprendre que ces d\u00e9roulements, dont des Tunisiens sont responsables, constituent lorsqu\u2019ils sont associ\u00e9s ensemble un v\u00e9ritable cocktail Molotov.<\/p>\n<p>Bonjour les d\u00e9g\u00e2ts, sommes-nous tent\u00e9s de dire. On ne pourrait terminer cette analyse rapide d\u2019un quotidien triste en mati\u00e8re d\u2019image sans ajouter deux \u00e9l\u00e9ments essentiels. Le premier est que les \u00e9v\u00e9nements \u00e9voqu\u00e9s plus haut sont souvent relay\u00e9s par un tissu associatif national et \u00e9tranger dont le pouvoir est extr\u00eamement important. Usant notamment d\u2019outils de lobbying fr\u00e9quents et d\u2019un usage abondant des r\u00e9seaux\u00a0sociaux. Sans oublier ses entr\u00e9es dans les all\u00e9es du pouvoir.<br \/>Le second ? L\u2019image devient, avec le temps et lorsqu\u2019elle est confort\u00e9e par des faits nouveaux et gestes, imbriqu\u00e9e dans l\u2019ADN du pays. Elle s\u2019impose dans l\u2019inconscient de tous ceux qui ont, \u00e0 quelque titre que ce soit, un rapport avec un pays. En fait un facteur diff\u00e9renciant.<br \/>Autant dire qu\u2019il est toujours pr\u00e9f\u00e9rable que cette image soit positive.<\/p>\n<\/div>\n<footer>\n<div class=\"td-post-source-tags\">\n<ul class=\"td-tags td-post-small-box clearfix\">\n<li><strong>leconomistemaghrebin<\/strong><\/li>\n<\/ul>\n<\/div>\n<\/footer>\n<div class=\"wp-post-author-wrap wp-post-author-shortcode left\">\n<h3 class=\"awpa-title\"\/>\n<div class=\"wp-post-author\">\n<div class=\"awpa-img awpa-author-block square\"><a href=\"http:\/\/lexpertjournal.net\/fr\/?author=5\"><img loading=\"lazy\" decoding=\"async\" alt=\"\" src=\"http:\/\/0.gravatar.com\/avatar\/97f8e10a1c1125ba104a76514ee07b16?s=150&amp;d=mm&amp;r=g\" srcset=\"http:\/\/0.gravatar.com\/avatar\/97f8e10a1c1125ba104a76514ee07b16?s=300&amp;d=mm&amp;r=g 2x\" class=\"avatar avatar-150 photo\" height=\"150\" width=\"150\"\/><\/a><\/div>\n<\/div>\n<\/div>\n<aside class=\"mashsb-container mashsb-main mashsb-stretched\">\n<\/aside>\n<p>Auteur: L&rsquo;expert<br \/>\n<a href=\"http:\/\/lexpertjournal.net\/fr\/?p=19854\">Cliquez ici pour lire l&rsquo;article depuis sa source.<\/a><\/p>\n","protected":false},"excerpt":{"rendered":"<p>Les d\u00e9roulements auxquels on assiste ces derniers jours n\u2019offrent pas une image reluisante de la Tunisie. Instabilit\u00e9, terrorisme et atteinte \u00e0 la libert\u00e9 de la presse. Ces d\u00e9roulements, dont des Tunisiens en sont responsables, constituent lorsqu\u2019ils sont associ\u00e9s ensemble un v\u00e9ritable cocktail Molotov. Avez-vous entendu parler du Top of mind ? Si ce n\u2019est pas [&hellip;]<\/p>\n","protected":false},"author":1775,"featured_media":0,"comment_status":"closed","ping_status":"closed","sticky":false,"template":"","format":"standard","meta":{"fifu_image_url":"http:\/\/0.gravatar.com\/avatar\/97f8e10a1c1125ba104a76514ee07b16?s=150&d=mm&r=g","fifu_image_alt":"Quelle image offre la Tunisie d\u2019elle-m\u00eame ? Bonjour les d\u00e9g\u00e2ts !","footnotes":""},"categories":[78,55],"tags":[],"class_list":["post-115748","post","type-post","status-publish","format-standard","hentry","category-economie","category-tunisie"],"_links":{"self":[{"href":"https:\/\/linitiative.ca\/International\/wp-json\/wp\/v2\/posts\/115748","targetHints":{"allow":["GET"]}}],"collection":[{"href":"https:\/\/linitiative.ca\/International\/wp-json\/wp\/v2\/posts"}],"about":[{"href":"https:\/\/linitiative.ca\/International\/wp-json\/wp\/v2\/types\/post"}],"author":[{"embeddable":true,"href":"https:\/\/linitiative.ca\/International\/wp-json\/wp\/v2\/users\/1775"}],"replies":[{"embeddable":true,"href":"https:\/\/linitiative.ca\/International\/wp-json\/wp\/v2\/comments?post=115748"}],"version-history":[{"count":0,"href":"https:\/\/linitiative.ca\/International\/wp-json\/wp\/v2\/posts\/115748\/revisions"}],"wp:attachment":[{"href":"https:\/\/linitiative.ca\/International\/wp-json\/wp\/v2\/media?parent=115748"}],"wp:term":[{"taxonomy":"category","embeddable":true,"href":"https:\/\/linitiative.ca\/International\/wp-json\/wp\/v2\/categories?post=115748"},{"taxonomy":"post_tag","embeddable":true,"href":"https:\/\/linitiative.ca\/International\/wp-json\/wp\/v2\/tags?post=115748"}],"curies":[{"name":"wp","href":"https:\/\/api.w.org\/{rel}","templated":true}]}}