{"id":115752,"date":"2021-04-28T08:00:00","date_gmt":"2021-04-28T12:00:00","guid":{"rendered":"https:\/\/linitiative.ca\/International\/rsf-appelle-a-la-liberation-immediate-de-rabah-kareche\/"},"modified":"2021-04-28T08:00:00","modified_gmt":"2021-04-28T12:00:00","slug":"rsf-appelle-a-la-liberation-immediate-de-rabah-kareche","status":"publish","type":"post","link":"https:\/\/linitiative.ca\/International\/rsf-appelle-a-la-liberation-immediate-de-rabah-kareche\/","title":{"rendered":"RSF appelle \u00e0 la \u00ab lib\u00e9ration imm\u00e9diate \u00bb de Rabah Kar\u00e8che"},"content":{"rendered":"<div id=\"originalText\" readability=\"71\">\n<p class=\"c6\">Reporters sans fronti\u00e8res (RSF) a d\u00e9nonc\u00e9, mardi, le maintien en d\u00e9tention du journaliste de Libert\u00e9, Rabah Kar\u00e8che, appelant \u00e0 sa \u00ab lib\u00e9ration imm\u00e9diate \u00bb et \u00e0 l\u2019 \u00ab abandon des charges retenues \u00e0 son encontre \u00bb.<\/p>\n<p class=\"c6\">Dans un article publi\u00e9 sur le site officiel de l\u2019organisation non gouvernementale qui \u0153uvre pour la d\u00e9fense de la libert\u00e9 de la presse et la protection des sources des journalistes, le directeur du bureau Afrique du Nord de RSF, Souhaieb Khayati, a d\u00e9clar\u00e9 que l\u2019incarc\u00e9ration du journaliste \u00ab qui n\u2019a fait que son travail \u00bb est \u00ab incompr\u00e9hensible \u00bb.<\/p>\n<p class=\"c6\">Contact\u00e9 par RSF, l\u2019avocat Amirouche Bakouri a consid\u00e9r\u00e9, pour sa part, la d\u00e9tention de Rabah Kar\u00e8che depuis le 19 avril dernier, \u00e0 Tamanrasset, comme \u00ab un cas exceptionnel en Alg\u00e9rie \u00bb, regrettant que \u00ab l\u2019article 54 de la Constitution ne soit qu\u2019un discours politique et une vitrine pour l\u2019\u00e9tranger \u00bb.<\/p>\n<p class=\"c6\">Enfin, Reporters Sans Fronti\u00e8res a tenu \u00e0 rappeler que l\u2019Alg\u00e9rie a perdu 27 places depuis 2015 dans le classement mondial de la libert\u00e9 de la presse \u00e9tabli par RSF. Elle figure aujourd\u2019hui \u00e0 la 146e place sur 180.<\/p>\n<p class=\"c6\">Pour Rappel, notre journaliste, correspondant \u00e0 Tamanrasset, est poursuivi pour \u00ab administration d\u2019un compte \u00e9lectronique consacr\u00e9 \u00e0 la diffusion d\u2019informations susceptibles de provoquer la s\u00e9gr\u00e9gation et la haine dans la soci\u00e9t\u00e9 \u00bb, \u00ab la diffusion volontaire de fausses informations susceptibles d\u2019attenter \u00e0 l\u2019ordre public \u00bb et \u00ab l\u2019usage de divers moyens pour porter atteinte \u00e0 la s\u00fbret\u00e9 et l\u2019unit\u00e9 nationales \u00bb.<\/p>\n<p class=\"c7\">\u00a0<\/p>\n<p class=\"c7\"><strong>Kenza SIFI<\/strong><\/p>\n<\/div>\n<div id=\"text_core\" readability=\"71\">\n<p class=\"c6\">Reporters sans fronti\u00e8res (RSF) a d\u00e9nonc\u00e9, mardi, le maintien en d\u00e9tention du journaliste de Libert\u00e9, Rabah Kar\u00e8che, appelant \u00e0 sa \u00ab lib\u00e9ration imm\u00e9diate \u00bb et \u00e0 l\u2019 \u00ab abandon des charges retenues \u00e0 son encontre \u00bb.<\/p>\n<p class=\"c6\">Dans un article publi\u00e9 sur le site officiel de l\u2019organisation non gouvernementale qui \u0153uvre pour la d\u00e9fense de la libert\u00e9 de la presse et la protection des sources des journalistes, le directeur du bureau Afrique du Nord de RSF, Souhaieb Khayati, a d\u00e9clar\u00e9 que l\u2019incarc\u00e9ration du journaliste \u00ab qui n\u2019a fait que son travail \u00bb est \u00ab incompr\u00e9hensible \u00bb.<\/p>\n<p class=\"c6\">Contact\u00e9 par RSF, l\u2019avocat Amirouche Bakouri a consid\u00e9r\u00e9, pour sa part, la d\u00e9tention de Rabah Kar\u00e8che depuis le 19 avril dernier, \u00e0 Tamanrasset, comme \u00ab un cas exceptionnel en Alg\u00e9rie \u00bb, regrettant que \u00ab l\u2019article 54 de la Constitution ne soit qu\u2019un discours politique et une vitrine pour l\u2019\u00e9tranger \u00bb.<\/p>\n<p class=\"c6\">Enfin, Reporters Sans Fronti\u00e8res a tenu \u00e0 rappeler que l\u2019Alg\u00e9rie a perdu 27 places depuis 2015 dans le classement mondial de la libert\u00e9 de la presse \u00e9tabli par RSF. Elle figure aujourd\u2019hui \u00e0 la 146e place sur 180.<\/p>\n<p class=\"c6\">Pour Rappel, notre journaliste, correspondant \u00e0 Tamanrasset, est poursuivi pour \u00ab administration d\u2019un compte \u00e9lectronique consacr\u00e9 \u00e0 la diffusion d\u2019informations susceptibles de provoquer la s\u00e9gr\u00e9gation et la haine dans la soci\u00e9t\u00e9 \u00bb, \u00ab la diffusion volontaire de fausses informations susceptibles d\u2019attenter \u00e0 l\u2019ordre public \u00bb et \u00ab l\u2019usage de divers moyens pour porter atteinte \u00e0 la s\u00fbret\u00e9 et l\u2019unit\u00e9 nationales \u00bb.<\/p>\n<p class=\"c7\">\u00a0<\/p>\n<p class=\"c7\"><strong>Kenza SIFI<\/strong><\/p>\n<\/div>\n<p>Auteur:<br \/>\n<a href=\"https:\/\/www.liberte-algerie.com\/actualite\/rsf-appelle-a-la-liberation-immediate-de-rabah-kareche-357977\">Cliquez ici pour lire l&rsquo;article depuis sa source.<\/a><\/p>\n","protected":false},"excerpt":{"rendered":"<p>Reporters sans fronti\u00e8res (RSF) a d\u00e9nonc\u00e9, mardi, le maintien en d\u00e9tention du journaliste de Libert\u00e9, Rabah Kar\u00e8che, appelant \u00e0 sa \u00ab lib\u00e9ration imm\u00e9diate \u00bb et \u00e0 l\u2019 \u00ab abandon des charges retenues \u00e0 son encontre \u00bb. Dans un article publi\u00e9 sur le site officiel de l\u2019organisation non gouvernementale qui \u0153uvre pour la d\u00e9fense de la [&hellip;]<\/p>\n","protected":false},"author":1742,"featured_media":0,"comment_status":"closed","ping_status":"closed","sticky":false,"template":"","format":"standard","meta":{"fifu_image_url":"","fifu_image_alt":"","footnotes":""},"categories":[73,53],"tags":[],"class_list":["post-115752","post","type-post","status-publish","format-standard","hentry","category-actualite","category-algerie"],"_links":{"self":[{"href":"https:\/\/linitiative.ca\/International\/wp-json\/wp\/v2\/posts\/115752","targetHints":{"allow":["GET"]}}],"collection":[{"href":"https:\/\/linitiative.ca\/International\/wp-json\/wp\/v2\/posts"}],"about":[{"href":"https:\/\/linitiative.ca\/International\/wp-json\/wp\/v2\/types\/post"}],"author":[{"embeddable":true,"href":"https:\/\/linitiative.ca\/International\/wp-json\/wp\/v2\/users\/1742"}],"replies":[{"embeddable":true,"href":"https:\/\/linitiative.ca\/International\/wp-json\/wp\/v2\/comments?post=115752"}],"version-history":[{"count":0,"href":"https:\/\/linitiative.ca\/International\/wp-json\/wp\/v2\/posts\/115752\/revisions"}],"wp:attachment":[{"href":"https:\/\/linitiative.ca\/International\/wp-json\/wp\/v2\/media?parent=115752"}],"wp:term":[{"taxonomy":"category","embeddable":true,"href":"https:\/\/linitiative.ca\/International\/wp-json\/wp\/v2\/categories?post=115752"},{"taxonomy":"post_tag","embeddable":true,"href":"https:\/\/linitiative.ca\/International\/wp-json\/wp\/v2\/tags?post=115752"}],"curies":[{"name":"wp","href":"https:\/\/api.w.org\/{rel}","templated":true}]}}