{"id":115754,"date":"2021-04-28T11:50:00","date_gmt":"2021-04-28T15:50:00","guid":{"rendered":"https:\/\/linitiative.ca\/International\/arrestation-de-la-journaliste-de-liberte-jamila-loukil\/"},"modified":"2021-04-28T11:50:00","modified_gmt":"2021-04-28T15:50:00","slug":"arrestation-de-la-journaliste-de-liberte-jamila-loukil","status":"publish","type":"post","link":"https:\/\/linitiative.ca\/International\/arrestation-de-la-journaliste-de-liberte-jamila-loukil\/","title":{"rendered":"Arrestation de la journaliste de Libert\u00e9 Jamila Loukil"},"content":{"rendered":"<div readability=\"45\">\n<div class=\"txt-core\" readability=\"35\">\n<p>Jamila Loukil, journaliste de Libert\u00e9 \u00e0 Oran, et son \u00e9poux, Kaddour Chouicha, vice-pr\u00e9sident de la LADDH, ont \u00e9t\u00e9 interpell\u00e9s par la police, cet apr\u00e8s-midi, et conduits au si\u00e8ge de la s\u00fbret\u00e9 de wilaya. Le couple a \u00e9t\u00e9 arr\u00eat\u00e9 \u00e0 la sortie de la cour d\u2019Oran o\u00f9 le proc\u00e8s en appel dit du \u00abmeeting de Abdelaziz Bela\u00efd\u00bb venait d\u2019\u00eatre report\u00e9. Les Chouicha et 11 autres personnes devaient y compara\u00eetre pour r\u00e9pondre de \u201ctentative de perturbation d\u2019un rassemblement autoris\u00e9\u201d, \u201ctrouble \u00e0 l\u2019ordre public\u201d et \u201cattroupement non arm\u00e9\u201d. Accusations dont, rappelons-le, ils avaient \u00e9t\u00e9 lav\u00e9s en janvier 2021 par le tribunal de Fellaoucene qui avait prononc\u00e9 la relaxe pour l\u2019ensemble des accus\u00e9s. On ignore encore les raisons qui ont motiv\u00e9 cette \u00e9ni\u00e8me interpellation de la journaliste de Libert\u00e9 et du militant des droits de l\u2019homme. S. Ould Ali Pour R\u00e9daction Web<\/p>\n<p><ins class=\"adsbygoogle c7\" data-ad-layout=\"in-article\" data-ad-format=\"fluid\" data-ad-client=\"ca-pub-9870549270108482\" data-ad-slot=\"3516802903\"\/> <\/p>\n<hr class=\"spa\"\/>\n<p>Jamila Loukil, journaliste de Libert\u00e9 \u00e0 Oran, et son \u00e9poux, Kaddour Chouicha, vice-pr\u00e9sident de la LADDH, ont \u00e9t\u00e9 interpell\u00e9s par la police, cet apr\u00e8s-midi, et conduits au si\u00e8ge de la s\u00fbret\u00e9 de wilaya. Le couple a \u00e9t\u00e9 arr\u00eat\u00e9 \u00e0 la sortie de la cour d\u2019Oran o\u00f9 le proc\u00e8s en appel dit du \u00abmeeting de Abdelaziz Bela\u00efd\u00bb venait d\u2019\u00eatre report\u00e9. Les Chouicha et 11 autres personnes devaient y compara\u00eetre pour r\u00e9pondre de \u201ctentative de perturbation d\u2019un rassemblement autoris\u00e9\u201d, \u201ctrouble \u00e0 l\u2019ordre public\u201d et \u201cattroupement non arm\u00e9\u201d. Accusations dont, rappelons-le, ils avaient \u00e9t\u00e9 lav\u00e9s en janvier 2021 par le tribunal de Fellaoucene qui avait prononc\u00e9 la relaxe pour l\u2019ensemble des accus\u00e9s. On ignore encore les raisons qui ont motiv\u00e9 cette \u00e9ni\u00e8me interpellation de la journaliste de Libert\u00e9 et du militant des droits de l\u2019homme. S. Ould Ali Pour R\u00e9daction Web<\/p>\n<\/div>\n<\/div>\n<div id=\"comentaire\" readability=\"10\">\n<h3>Publier votre <span>r\u00e9action<\/span><\/h3>\n<p>Nos articles sont ouverts aux commentaires. Chaque abonn\u00e9 peut y participer dans tous nos contenus et dans l&rsquo;espace r\u00e9serv\u00e9. Nous pr\u00e9cisons \u00e0 nos lecteurs que nous mod\u00e9rons les commentaires pour \u00e9viter certains abus et d\u00e9rives et que nous pouvons \u00eatre amen\u00e9s \u00e0 bloquer les comptes qui contreviendraient de fa\u00e7on r\u00e9currente \u00e0 notre charte d&rsquo;utilisation.<\/p>\n<\/div>\n<p>Auteur:<br \/>\n<a href=\"https:\/\/www.liberte-algerie.com\/actualite\/arrestation-de-la-journaliste-de-liberte-jamila-loukil-357979\">Cliquez ici pour lire l&rsquo;article depuis sa source.<\/a><\/p>\n","protected":false},"excerpt":{"rendered":"<p>Jamila Loukil, journaliste de Libert\u00e9 \u00e0 Oran, et son \u00e9poux, Kaddour Chouicha, vice-pr\u00e9sident de la LADDH, ont \u00e9t\u00e9 interpell\u00e9s par la police, cet apr\u00e8s-midi, et conduits au si\u00e8ge de la s\u00fbret\u00e9 de wilaya. Le couple a \u00e9t\u00e9 arr\u00eat\u00e9 \u00e0 la sortie de la cour d\u2019Oran o\u00f9 le proc\u00e8s en appel dit du \u00abmeeting de Abdelaziz [&hellip;]<\/p>\n","protected":false},"author":1742,"featured_media":0,"comment_status":"closed","ping_status":"closed","sticky":false,"template":"","format":"standard","meta":{"fifu_image_url":"","fifu_image_alt":"","footnotes":""},"categories":[73,53],"tags":[],"class_list":["post-115754","post","type-post","status-publish","format-standard","hentry","category-actualite","category-algerie"],"_links":{"self":[{"href":"https:\/\/linitiative.ca\/International\/wp-json\/wp\/v2\/posts\/115754","targetHints":{"allow":["GET"]}}],"collection":[{"href":"https:\/\/linitiative.ca\/International\/wp-json\/wp\/v2\/posts"}],"about":[{"href":"https:\/\/linitiative.ca\/International\/wp-json\/wp\/v2\/types\/post"}],"author":[{"embeddable":true,"href":"https:\/\/linitiative.ca\/International\/wp-json\/wp\/v2\/users\/1742"}],"replies":[{"embeddable":true,"href":"https:\/\/linitiative.ca\/International\/wp-json\/wp\/v2\/comments?post=115754"}],"version-history":[{"count":0,"href":"https:\/\/linitiative.ca\/International\/wp-json\/wp\/v2\/posts\/115754\/revisions"}],"wp:attachment":[{"href":"https:\/\/linitiative.ca\/International\/wp-json\/wp\/v2\/media?parent=115754"}],"wp:term":[{"taxonomy":"category","embeddable":true,"href":"https:\/\/linitiative.ca\/International\/wp-json\/wp\/v2\/categories?post=115754"},{"taxonomy":"post_tag","embeddable":true,"href":"https:\/\/linitiative.ca\/International\/wp-json\/wp\/v2\/tags?post=115754"}],"curies":[{"name":"wp","href":"https:\/\/api.w.org\/{rel}","templated":true}]}}