{"id":115755,"date":"2021-04-27T19:52:17","date_gmt":"2021-04-27T23:52:17","guid":{"rendered":"https:\/\/linitiative.ca\/International\/la-ville-verte-mohammed-vi-un-projet-ecologiquement-exemplaire-et-smart\/"},"modified":"2021-04-27T19:52:17","modified_gmt":"2021-04-27T23:52:17","slug":"la-ville-verte-mohammed-vi-un-projet-ecologiquement-exemplaire-et-smart","status":"publish","type":"post","link":"https:\/\/linitiative.ca\/International\/la-ville-verte-mohammed-vi-un-projet-ecologiquement-exemplaire-et-smart\/","title":{"rendered":"La Ville Verte Mohammed VI: Un projet \u00e9cologiquement \u00ab exemplaire \u00bb  et \u00ab smart \u00bb"},"content":{"rendered":"<div class=\"single-featured\"><img alt=\"\" data-src=\"http:\/\/www.mapmarrakech.ma\/map\/uploads\/2021\/04\/video-11.jpg\"\/><\/div>\n<div class=\"single-post-excerpt post-excerpt-bc\" readability=\"39\">\n<p>Situ\u00e9e au sud de la ville de Benguerir \u00e0 une trentaine de minutes seulement de Marrakech, la Ville Verte Mohammed VI, se veut l\u2019illustration, dans les faits, d\u2019un projet si attractif et \u00e9cologiquement \u00ab exemplaire \u00bb et \u00ab smart \u00bb, b\u00e2ti autour d\u2019un v\u00e9ritable \u00e9cosyst\u00e8me du Savoir.<\/p>\n<\/div>\n<p>Auteur: Meriem IGASS<br \/>\n<a href=\"http:\/\/www.mapmarrakech.ma\/fr\/la-ville-verte-mohammed-vi-un-projet-ecologiquement-exemplaire-et-smart\/\">Cliquez ici pour lire l&rsquo;article depuis sa source.<\/a><\/p>\n","protected":false},"excerpt":{"rendered":"<p>Situ\u00e9e au sud de la ville de Benguerir \u00e0 une trentaine de minutes seulement de Marrakech, la Ville Verte Mohammed VI, se veut l\u2019illustration, dans les faits, d\u2019un projet si attractif et \u00e9cologiquement \u00ab exemplaire \u00bb et \u00ab smart \u00bb, b\u00e2ti autour d\u2019un v\u00e9ritable \u00e9cosyst\u00e8me du Savoir. Auteur: Meriem IGASS Cliquez ici pour lire l&rsquo;article [&hellip;]<\/p>\n","protected":false},"author":1788,"featured_media":0,"comment_status":"closed","ping_status":"closed","sticky":false,"template":"","format":"standard","meta":{"fifu_image_url":"http:\/\/www.mapmarrakech.ma\/map\/uploads\/2021\/04\/video-11.jpg","fifu_image_alt":"La Ville Verte Mohammed VI: Un projet \u00e9cologiquement \u00ab exemplaire \u00bb  et \u00ab smart \u00bb","footnotes":""},"categories":[54,76],"tags":[],"class_list":["post-115755","post","type-post","status-publish","format-standard","hentry","category-maroc","category-regions"],"_links":{"self":[{"href":"https:\/\/linitiative.ca\/International\/wp-json\/wp\/v2\/posts\/115755","targetHints":{"allow":["GET"]}}],"collection":[{"href":"https:\/\/linitiative.ca\/International\/wp-json\/wp\/v2\/posts"}],"about":[{"href":"https:\/\/linitiative.ca\/International\/wp-json\/wp\/v2\/types\/post"}],"author":[{"embeddable":true,"href":"https:\/\/linitiative.ca\/International\/wp-json\/wp\/v2\/users\/1788"}],"replies":[{"embeddable":true,"href":"https:\/\/linitiative.ca\/International\/wp-json\/wp\/v2\/comments?post=115755"}],"version-history":[{"count":0,"href":"https:\/\/linitiative.ca\/International\/wp-json\/wp\/v2\/posts\/115755\/revisions"}],"wp:attachment":[{"href":"https:\/\/linitiative.ca\/International\/wp-json\/wp\/v2\/media?parent=115755"}],"wp:term":[{"taxonomy":"category","embeddable":true,"href":"https:\/\/linitiative.ca\/International\/wp-json\/wp\/v2\/categories?post=115755"},{"taxonomy":"post_tag","embeddable":true,"href":"https:\/\/linitiative.ca\/International\/wp-json\/wp\/v2\/tags?post=115755"}],"curies":[{"name":"wp","href":"https:\/\/api.w.org\/{rel}","templated":true}]}}