{"id":115756,"date":"2021-04-28T10:22:31","date_gmt":"2021-04-28T14:22:31","guid":{"rendered":"https:\/\/linitiative.ca\/International\/contribuables-nouvellement-identifies-prorogation-des-mesures\/"},"modified":"2021-04-28T10:22:31","modified_gmt":"2021-04-28T14:22:31","slug":"contribuables-nouvellement-identifies-prorogation-des-mesures","status":"publish","type":"post","link":"https:\/\/linitiative.ca\/International\/contribuables-nouvellement-identifies-prorogation-des-mesures\/","title":{"rendered":"Contribuables nouvellement identifi\u00e9s: Prorogation des mesures"},"content":{"rendered":"<div class=\"single-featured\"><img alt=\"\" data-src=\"http:\/\/www.mapmarrakech.ma\/map\/uploads\/2021\/04\/DGI.jpg\"\/><\/div>\n<div class=\"single-post-excerpt post-excerpt-bc\" readability=\"35\">\n<p>La Direction G\u00e9n\u00e9rale des Imp\u00f4ts (DGI) a annonc\u00e9, mercredi, la prorogation des mesures d\u2019encouragement en faveur des contribuables nouvellement identifi\u00e9s jusqu\u2019au 31 d\u00e9cembre 2021.<\/p>\n<\/div>\n<div class=\"entry-content clearfix single-post-content\" readability=\"51\">\n<p>Dans un communiqu\u00e9, la DGI informe \u00ab\u00a0les contribuables que l\u2019article 6 bis de la loi de finances pour l\u2019ann\u00e9e 2021 a prorog\u00e9 jusqu\u2019au 31 d\u00e9cembre 2021, les mesures incitatives en faveur des personnes physiques nouvellement identifi\u00e9s\u00a0\u00bb.<\/p>\n<p>Ainsi, les personnes physiques exer\u00e7ant une activit\u00e9 passible de l\u2019imp\u00f4t sur le revenu qui s\u2019identifient pour la premi\u00e8re fois aupr\u00e8s de l\u2019administration fiscale, en s\u2019inscrivant au r\u00f4le de la taxe professionnelle, \u00e0 partir du 1er janvier 2021, ne sont imposables que sur la base des revenus acquis et des op\u00e9rations r\u00e9alis\u00e9es \u00e0 partir de la date de leur identification, pr\u00e9cise la m\u00eame source.<\/p>\n<p>Les contribuables nouvellement identifi\u00e9s b\u00e9n\u00e9ficient des avantages pr\u00e9vus par le droit commun, tels l\u2019exon\u00e9ration quinquennale de la taxe professionnelle et l\u2019exon\u00e9ration totale ou taux r\u00e9duit applicable en mati\u00e8re d\u2019imp\u00f4t sur le revenu.<\/p>\n<\/div>\n<p>Auteur: Meriem IGASS<br \/>\n<a href=\"http:\/\/www.mapmarrakech.ma\/fr\/contribuables-nouvellement-identifies-prorogation-des-mesures-dencouragement\/\">Cliquez ici pour lire l&rsquo;article depuis sa source.<\/a><\/p>\n","protected":false},"excerpt":{"rendered":"<p>La Direction G\u00e9n\u00e9rale des Imp\u00f4ts (DGI) a annonc\u00e9, mercredi, la prorogation des mesures d\u2019encouragement en faveur des contribuables nouvellement identifi\u00e9s jusqu\u2019au 31 d\u00e9cembre 2021. Dans un communiqu\u00e9, la DGI informe \u00ab\u00a0les contribuables que l\u2019article 6 bis de la loi de finances pour l\u2019ann\u00e9e 2021 a prorog\u00e9 jusqu\u2019au 31 d\u00e9cembre 2021, les mesures incitatives en faveur [&hellip;]<\/p>\n","protected":false},"author":1788,"featured_media":0,"comment_status":"closed","ping_status":"closed","sticky":false,"template":"","format":"standard","meta":{"fifu_image_url":"http:\/\/www.mapmarrakech.ma\/map\/uploads\/2021\/04\/DGI.jpg","fifu_image_alt":"Contribuables nouvellement identifi\u00e9s: Prorogation des mesures","footnotes":""},"categories":[54,76],"tags":[],"class_list":["post-115756","post","type-post","status-publish","format-standard","hentry","category-maroc","category-regions"],"_links":{"self":[{"href":"https:\/\/linitiative.ca\/International\/wp-json\/wp\/v2\/posts\/115756","targetHints":{"allow":["GET"]}}],"collection":[{"href":"https:\/\/linitiative.ca\/International\/wp-json\/wp\/v2\/posts"}],"about":[{"href":"https:\/\/linitiative.ca\/International\/wp-json\/wp\/v2\/types\/post"}],"author":[{"embeddable":true,"href":"https:\/\/linitiative.ca\/International\/wp-json\/wp\/v2\/users\/1788"}],"replies":[{"embeddable":true,"href":"https:\/\/linitiative.ca\/International\/wp-json\/wp\/v2\/comments?post=115756"}],"version-history":[{"count":0,"href":"https:\/\/linitiative.ca\/International\/wp-json\/wp\/v2\/posts\/115756\/revisions"}],"wp:attachment":[{"href":"https:\/\/linitiative.ca\/International\/wp-json\/wp\/v2\/media?parent=115756"}],"wp:term":[{"taxonomy":"category","embeddable":true,"href":"https:\/\/linitiative.ca\/International\/wp-json\/wp\/v2\/categories?post=115756"},{"taxonomy":"post_tag","embeddable":true,"href":"https:\/\/linitiative.ca\/International\/wp-json\/wp\/v2\/tags?post=115756"}],"curies":[{"name":"wp","href":"https:\/\/api.w.org\/{rel}","templated":true}]}}