{"id":115757,"date":"2021-04-28T10:47:59","date_gmt":"2021-04-28T14:47:59","guid":{"rendered":"https:\/\/linitiative.ca\/International\/ouverture-dune-representation-du-cri-de-marrakech-safi\/"},"modified":"2021-04-28T10:47:59","modified_gmt":"2021-04-28T14:47:59","slug":"ouverture-dune-representation-du-cri-de-marrakech-safi","status":"publish","type":"post","link":"https:\/\/linitiative.ca\/International\/ouverture-dune-representation-du-cri-de-marrakech-safi\/","title":{"rendered":"Ouverture d\u2019une repr\u00e9sentation du CRI de Marrakech-Safi"},"content":{"rendered":"<div class=\"single-featured\"><img alt=\"\" data-src=\"http:\/\/www.mapmarrakech.ma\/map\/uploads\/2021\/03\/CRIMarrakechversioncorrecte-copier.jpg\"\/><\/div>\n<div class=\"single-post-excerpt post-excerpt-bc\" readability=\"35\">\n<p>Benguerir (province de Rehamna) \u2013 La province de Rehamna dispose depuis le d\u00e9but de cette ann\u00e9e d\u2019une repr\u00e9sentation \u00e0 temps partiel, du Centre R\u00e9gional d\u2019investissement (CRI) de Marrakech-Safi.<\/p>\n<\/div>\n<div class=\"entry-content clearfix single-post-content\" readability=\"57\">\n<p>Situ\u00e9e au sein de l\u2019Universit\u00e9 Mohammed VI Polytechnique (UM6P), cette antenne prend le r\u00f4le de Guichet Unique de la province.<\/p>\n<p>Mise en place en accord avec la Province de Rehamna et l\u2019\u00e9cosyst\u00e8me OCP de la nouvelle Ville Verte de Benguerir, cette repr\u00e9sentation permet aux entrepreneurs de cette partie du territoire national d\u2019avoir un relais local, une fois par semaine, pour les accompagner dans leurs diff\u00e9rentes proc\u00e9dures de cr\u00e9ation, d\u2019investissement et d\u2019acc\u00e8s aux informations.<\/p>\n<p>L\u2019objectif de cette antenne provinciale est, d\u2019une part, de se rapprocher au plus pr\u00e8s des Starts-up et entrepreneurs\u00a0afin de faciliter toutes leurs d\u00e9marches d\u2019investissement et, d\u2019autre part, d\u2019accompagner au plus pr\u00e8s les acteurs publics et priv\u00e9s dans la planification et le d\u00e9veloppement d\u2019une offre r\u00e9gionale \u00ab\u00a0attractive\u00a0\u00bb et \u00ab\u00a0inclusive\u00a0\u00bb.<\/p>\n<p>Le CRI-MS a confirm\u00e9 son engagement dans les provinces de Safi (\u00e0 travers une annexe provinciale renforc\u00e9e) et Essaouira (avec le maintien de son antenne locale) afin de servir au mieux les investisseurs de toute la R\u00e9gion et d\u2019accompagner le d\u00e9veloppement et la promotion de l\u2019offre provinciale.<\/p>\n<\/div>\n<p>Auteur: Meriem IGASS<br \/>\n<a href=\"http:\/\/www.mapmarrakech.ma\/fr\/ouverture-dune-representation-du-cri-de-marrakech-safi\/\">Cliquez ici pour lire l&rsquo;article depuis sa source.<\/a><\/p>\n","protected":false},"excerpt":{"rendered":"<p>Benguerir (province de Rehamna) \u2013 La province de Rehamna dispose depuis le d\u00e9but de cette ann\u00e9e d\u2019une repr\u00e9sentation \u00e0 temps partiel, du Centre R\u00e9gional d\u2019investissement (CRI) de Marrakech-Safi. Situ\u00e9e au sein de l\u2019Universit\u00e9 Mohammed VI Polytechnique (UM6P), cette antenne prend le r\u00f4le de Guichet Unique de la province. Mise en place en accord avec la [&hellip;]<\/p>\n","protected":false},"author":1788,"featured_media":0,"comment_status":"closed","ping_status":"closed","sticky":false,"template":"","format":"standard","meta":{"fifu_image_url":"http:\/\/www.mapmarrakech.ma\/map\/uploads\/2021\/03\/CRIMarrakechversioncorrecte-copier.jpg","fifu_image_alt":"Ouverture d\u2019une repr\u00e9sentation du CRI de Marrakech-Safi","footnotes":""},"categories":[54,76],"tags":[],"class_list":["post-115757","post","type-post","status-publish","format-standard","hentry","category-maroc","category-regions"],"_links":{"self":[{"href":"https:\/\/linitiative.ca\/International\/wp-json\/wp\/v2\/posts\/115757","targetHints":{"allow":["GET"]}}],"collection":[{"href":"https:\/\/linitiative.ca\/International\/wp-json\/wp\/v2\/posts"}],"about":[{"href":"https:\/\/linitiative.ca\/International\/wp-json\/wp\/v2\/types\/post"}],"author":[{"embeddable":true,"href":"https:\/\/linitiative.ca\/International\/wp-json\/wp\/v2\/users\/1788"}],"replies":[{"embeddable":true,"href":"https:\/\/linitiative.ca\/International\/wp-json\/wp\/v2\/comments?post=115757"}],"version-history":[{"count":0,"href":"https:\/\/linitiative.ca\/International\/wp-json\/wp\/v2\/posts\/115757\/revisions"}],"wp:attachment":[{"href":"https:\/\/linitiative.ca\/International\/wp-json\/wp\/v2\/media?parent=115757"}],"wp:term":[{"taxonomy":"category","embeddable":true,"href":"https:\/\/linitiative.ca\/International\/wp-json\/wp\/v2\/categories?post=115757"},{"taxonomy":"post_tag","embeddable":true,"href":"https:\/\/linitiative.ca\/International\/wp-json\/wp\/v2\/tags?post=115757"}],"curies":[{"name":"wp","href":"https:\/\/api.w.org\/{rel}","templated":true}]}}