{"id":115763,"date":"2021-04-28T12:03:40","date_gmt":"2021-04-28T16:03:40","guid":{"rendered":"https:\/\/linitiative.ca\/International\/covid-49-millions-de-personnes-vaccinees-117-000-nouvelles-doses-injectees\/"},"modified":"2021-04-28T12:03:40","modified_gmt":"2021-04-28T16:03:40","slug":"covid-49-millions-de-personnes-vaccinees-117-000-nouvelles-doses-injectees","status":"publish","type":"post","link":"https:\/\/linitiative.ca\/International\/covid-49-millions-de-personnes-vaccinees-117-000-nouvelles-doses-injectees\/","title":{"rendered":"Covid: 4,9 millions de personnes vaccin\u00e9es, 117.000 nouvelles doses inject\u00e9es"},"content":{"rendered":"<p class=\"rtejustify\">Un total de 493 nouveaux cas d&rsquo;infection au coronavirus et de 552\u00a0gu\u00e9risons a \u00e9t\u00e9 enregistr\u00e9 au cours des derni\u00e8res 24 heures, a annonc\u00e9 mercredi le minist\u00e8re de la Sant\u00e9. Le nombre des personnes vaccin\u00e9es \u00e0 ce jour (dose 1) a atteint <strong>4.914.145<\/strong>, alors que\u00a0<strong>4.245.154<\/strong> autres ont re\u00e7u la deuxi\u00e8me dose du vaccin, pr\u00e9cise le minist\u00e8re dans son bulletin quotidien sur la situation de la Covid-19. Plus de 117.000 nouvelles doses ont \u00e9t\u00e9 inject\u00e9es.<\/p>\n<p class=\"rtejustify\">Ce nouveau bilan porte \u00e0 <strong>510.465<\/strong>\u00a0le cumul des contaminations depuis le premier cas signal\u00e9 en mars 2020, tandis que le nombre des personnes r\u00e9tablies est pass\u00e9 \u00e0 <strong>496.583<\/strong>, soit un taux de gu\u00e9rison de 97,2 %, pr\u00e9cise le minist\u00e8re. Quant au nombre total des d\u00e9c\u00e8s, il est pass\u00e9 \u00e0\u00a0 <strong>9.015<\/strong>\u00a0avec <strong>10<\/strong>\u00a0nouveaux cas recens\u00e9s en 24 heures, soit un taux de l\u00e9talit\u00e9 de 1,8%. Le nombre des cas actifs s&rsquo;\u00e9l\u00e8ve \u00e0 <strong>4.867<\/strong>, tandis que les cas s\u00e9v\u00e8res ou critiques sont au nombre de <strong>360<\/strong>, dont <strong>15<\/strong>\u00a0plac\u00e9s sous intubation.<\/p>\n<blockquote readability=\"4.75\">\n<p class=\"rtejustify\"><strong>Pour plus de d\u00e9tails, voir l&rsquo;\u00e9volution en temps r\u00e9el de l&rsquo;\u00e9pid\u00e9mie sur <a href=\"https:\/\/www.leconomiste.com\/covid19\/\">https:\/\/www.leconomiste.com\/covid19\/<\/a><\/strong><\/p>\n<\/blockquote>\n<p>Auteur: hgueye<br \/>\n<a href=\"https:\/\/www.leconomiste.com\/flash-infos\/covid-millions-de-personnes-vaccinees\">Cliquez ici pour lire l&rsquo;article depuis sa source.<\/a><\/p>\n","protected":false},"excerpt":{"rendered":"<p>Un total de 493 nouveaux cas d&rsquo;infection au coronavirus et de 552\u00a0gu\u00e9risons a \u00e9t\u00e9 enregistr\u00e9 au cours des derni\u00e8res 24 heures, a annonc\u00e9 mercredi le minist\u00e8re de la Sant\u00e9. Le nombre des personnes vaccin\u00e9es \u00e0 ce jour (dose 1) a atteint 4.914.145, alors que\u00a04.245.154 autres ont re\u00e7u la deuxi\u00e8me dose du vaccin, pr\u00e9cise le minist\u00e8re [&hellip;]<\/p>\n","protected":false},"author":1763,"featured_media":0,"comment_status":"closed","ping_status":"closed","sticky":false,"template":"","format":"standard","meta":{"fifu_image_url":"","fifu_image_alt":"","footnotes":""},"categories":[78,54],"tags":[],"class_list":["post-115763","post","type-post","status-publish","format-standard","hentry","category-economie","category-maroc"],"_links":{"self":[{"href":"https:\/\/linitiative.ca\/International\/wp-json\/wp\/v2\/posts\/115763","targetHints":{"allow":["GET"]}}],"collection":[{"href":"https:\/\/linitiative.ca\/International\/wp-json\/wp\/v2\/posts"}],"about":[{"href":"https:\/\/linitiative.ca\/International\/wp-json\/wp\/v2\/types\/post"}],"author":[{"embeddable":true,"href":"https:\/\/linitiative.ca\/International\/wp-json\/wp\/v2\/users\/1763"}],"replies":[{"embeddable":true,"href":"https:\/\/linitiative.ca\/International\/wp-json\/wp\/v2\/comments?post=115763"}],"version-history":[{"count":0,"href":"https:\/\/linitiative.ca\/International\/wp-json\/wp\/v2\/posts\/115763\/revisions"}],"wp:attachment":[{"href":"https:\/\/linitiative.ca\/International\/wp-json\/wp\/v2\/media?parent=115763"}],"wp:term":[{"taxonomy":"category","embeddable":true,"href":"https:\/\/linitiative.ca\/International\/wp-json\/wp\/v2\/categories?post=115763"},{"taxonomy":"post_tag","embeddable":true,"href":"https:\/\/linitiative.ca\/International\/wp-json\/wp\/v2\/tags?post=115763"}],"curies":[{"name":"wp","href":"https:\/\/api.w.org\/{rel}","templated":true}]}}