{"id":115765,"date":"2021-04-28T15:10:08","date_gmt":"2021-04-28T19:10:08","guid":{"rendered":"https:\/\/linitiative.ca\/International\/equipe-dalgerie-coupe-arabe-2021-amara-aller-le-plus-loin-possible-dans-la-competition\/"},"modified":"2021-04-28T15:10:08","modified_gmt":"2021-04-28T19:10:08","slug":"equipe-dalgerie-coupe-arabe-2021-amara-aller-le-plus-loin-possible-dans-la-competition","status":"publish","type":"post","link":"https:\/\/linitiative.ca\/International\/equipe-dalgerie-coupe-arabe-2021-amara-aller-le-plus-loin-possible-dans-la-competition\/","title":{"rendered":"Equipe d&rsquo;Alg\u00e9rie : Coupe arabe 2021 &#8211; Amara: \u00ab\u00a0Aller le plus loin possible dans la comp\u00e9tition\u00a0\u00bb"},"content":{"rendered":"<div readability=\"32\">\n<p>Auteur : <span>APS<\/span> <span class=\"time\">mercredi 28 avril 2021 18:41<\/span><\/p>\n<\/div>\n<div id=\"post_core\" readability=\"110\">\n<p>Le nouveau pr\u00e9sident de la F\u00e9d\u00e9ration alg\u00e9rienne de football (FAF) Charaf-Eddine Amara, a indiqu\u00e9 mercredi que l\u2019Alg\u00e9rie tentera de \u00ab\u00a0faire bonne figure et aller le plus loin possible\u00a0\u00bb lors de la Coupe arabe des nations de la Fifa, pr\u00e9vue au Qatar du 1er au 18 d\u00e9cembre prochain au Qatar. \u00ab\u00a0Nous avons h\u00e9rit\u00e9 d\u2019un groupe comp\u00e9titif, en pr\u00e9sence notamment de l\u2019Egypte, qui n\u2019est plus \u00e0 pr\u00e9senter. Nous allons participer \u00e0 cette comp\u00e9tition avec l\u2019intention de faire bonne figure et se donner \u00e0 fond, d\u2019autant qu\u2019il s\u2019agit du premier rendez-vous majeur depuis mon \u00e9lection \u00e0 la t\u00eate de la FAF, qui interviendra juste avant la CAN-2021 (report\u00e9e \u00e0 2022, ndlr) au Cameroun. La FAF mettra tous les moyens pour permettre \u00e0 notre s\u00e9lection de se pr\u00e9parer dans d\u2019excellentes conditions et r\u00e9unir les meilleurs joueurs du moment pour atteindre ses objectifs\u00a0\u00bb, a indiqu\u00e9 le patron de la FAF, joint par t\u00e9l\u00e9phone par l&rsquo;APS depuis Doha, o\u00f9 il se trouve \u00e0 l\u2019occasion du tirage au sort de l\u2019\u00e9preuve, effectu\u00e9 mardi. Outre l\u2019Egypte, l\u2019Alg\u00e9rie, vers\u00e9e dans le groupe D, rencontrera au premier tour les vainqueurs des matchs Liban-Djibouti et Libye-Soudan. Le tournoi sera disput\u00e9 en deux \u00e9tapes avec une comp\u00e9tition pr\u00e9liminaire qui concernera quatorze \u00e9quipes les moins bien class\u00e9es sous la forme de sept matchs simples \u00e0 \u00e9liminatoire directe, puis une comp\u00e9tition finale se d\u00e9roulant sous forme d&rsquo;une phase de groupes, suivie de quarts de finale, demi-finales et finale. Cette comp\u00e9tition, r\u00e9serv\u00e9e aux joueurs locaux, devrait enregistrer la pr\u00e9sence d\u2019\u00e9l\u00e9ments \u00e9voluant \u00e0 l\u2019\u00e9tranger, en dehors du continent europ\u00e9en, comme l\u2019a si bien indiqu\u00e9 Charaf-Eddine Amara. \u00ab\u00a0Concernant l\u2019effectif qui prendra part \u00e0 cette \u00e9preuve, il sera bien \u00e9videmment compos\u00e9 majoritairement de joueurs \u00e9voluant en Alg\u00e9rie, mais \u00e9galement de joueurs qui \u00e9voluent dans les championnats du Golfe et m\u00eame en Tunisie. Les joueurs \u00e9voluant en Europe ne seront pas concern\u00e9s du moment qu\u2019ils seront engag\u00e9s durant cette p\u00e9riode, dans leurs championnats respectifs\u00a0\u00bb, a-t-il ajout\u00e9. Avant d\u2019encha\u00eener dans le m\u00eame sujet : \u00ab\u00a0L\u2019effectif qui prendra part \u00e0 ce tournoi sera arr\u00eat\u00e9 apr\u00e8s concertation entre le s\u00e9lectionneur national Djamel Belmadi, et celui de la s\u00e9lection de l\u2019\u00e9quipe A&rsquo;, compos\u00e9e de joueurs locaux, Madjid Bougherra\u00a0\u00bb.<\/p>\n<p><strong>\u00ab\u00a0C\u2019est important pour moi d\u2019\u00eatre pr\u00e9sent \u00e0 Doha\u00a0\u00bb<\/strong><\/p>\n<p>Aussit\u00f4t \u00e9lu \u00e0 la t\u00eate de la FAF, lors de l\u2019assembl\u00e9e g\u00e9n\u00e9rale \u00e9lective (AGE) qui s\u2019est d\u00e9roul\u00e9e le 15 avril, Charaf-Eddine Amara n\u2019a pas tard\u00e9 \u00e0 entrer dans le vif du sujet, en effectuant le d\u00e9placement \u00e0 Doha en compagnie du secr\u00e9taire g\u00e9n\u00e9ral de la FAF Mohamed Sa\u00e2d, pour assister au tirage au sort de la Coupe arabe de la Fifa. \u00ab\u00a0C\u2019\u00e9tait tr\u00e8s important pour moi de faire le voyage \u00e0 Doha pour assister \u00e0 ce tirage au sort et repr\u00e9senter mon pays, \u00e0 l\u2019instar des autres repr\u00e9sentants de f\u00e9d\u00e9rations arabes. Ma pr\u00e9sence au Qatar m\u2019a permis de prendre contact avec des pr\u00e9sidents de f\u00e9d\u00e9rations, une mani\u00e8re de faire dans la diplomatie sportive, qui constitue l\u2019un des piliers de mon programme\u00a0\u00bb, a-t-il soulign\u00e9. Profitant de sa pr\u00e9sence au Qatar, le successeur de Khe\u00efreddine Zetchi a eu un programme charg\u00e9 mardi, puisqu\u2019il a eu \u00e0 rencontrer le pr\u00e9sident de la F\u00e9d\u00e9ration internationale (Fifa) et celui de la Conf\u00e9d\u00e9ration africaine (CAF). \u00ab\u00a0J\u2019ai rencontr\u00e9 le pr\u00e9sident de la Fifa Gianni Infantino et celui de la CAF Patrice Motsepe. Il ne faut pas oublier que l\u2019Alg\u00e9rie jouit d\u2019une place importante aussi bien au niveau continental que mondial, d\u2019o\u00f9 l\u2019importance de ces deux rencontres\u00a0\u00bb.<\/p>\n<p><strong>Amara rencontrera Belmadi \u00ab\u00a0au moment opportun\u00a0\u00bb<\/strong><\/p>\n<p>Outre le fait d\u2019assister au tirage au sort de la Coupe arabe de la Fifa, le pr\u00e9sident de la FAF devrait profiter de sa pr\u00e9sence dans la capitale qatarie, pour avoir une discussion avec le s\u00e9lectionneur national Djamel Belmadi, qui r\u00e9side depuis plusieurs ann\u00e9es \u00e0 Doha. \u00ab\u00a0Je n\u2019ai pas encore rencontr\u00e9 Djamel Belmadi. D\u00e8s notre arriv\u00e9e \u00e0 Doha, nous avons \u00e9t\u00e9 soumis \u00e0 un confinement dans une sorte de bulle : si on quitte cette bulle, on est interdits d\u2019y retourner, ce qui est un peu d\u00e9licat. Belmadi se trouve en dehors de cette bulle, ce qui a emp\u00each\u00e9 pour le moment le d\u00e9roulement de cette rencontre. Mais nous allons attendre le moment opportun pour nous rencontrer et discuter le plus normalement du monde, tout ce qu\u2019il y a de plus ordinaire, entre un pr\u00e9sident de la FAF et son s\u00e9lectionneur, du moment qu\u2019on n\u2019a pas eu l\u2019occasion de se voir auparavant\u00a0\u00bb, a-t-il soulign\u00e9. Par ailleurs, interrog\u00e9 sur ses premiers jours \u00e0 la t\u00eate de la FAF, lui qui pr\u00e9sidait jusque-l\u00e0 aux destin\u00e9es du CR Belouizdad, Charaf-Eddine Amara a tenu \u00e0 faire un constat. \u00ab\u00a0Mes premiers pas \u00e0 la FAF ? Je suis dans l\u2019\u00e9tape de l\u2019observation, j\u2019ai constat\u00e9 de bonnes choses et d\u2019autres moins bonnes. En compagnie des membres du Bureau f\u00e9d\u00e9ral, nous allons prendre des r\u00e9solutions et des d\u00e9cisions qui s\u2019imposent dans l\u2019int\u00e9r\u00eat du football national\u00a0\u00bb. Enfin, le premier responsable de l\u2019instance f\u00e9d\u00e9rale aura l\u2019occasion de pr\u00e9sider vendredi la premi\u00e8re r\u00e9union du Bureau f\u00e9d\u00e9ral de son mandat. \u00ab\u00a0Je vais rentrer au pays vendredi apr\u00e8s-midi, et dans la soir\u00e9e je vais pr\u00e9sider la premi\u00e8re r\u00e9union du Bureau f\u00e9d\u00e9ral, avec plusieurs points \u00e0 l\u2019ordre du jour, dont la r\u00e9partition des t\u00e2ches entre les membres du Bureau f\u00e9d\u00e9ral. Je suis certain de mener \u00e0 bien mon programme de r\u00e9formes. Il est r\u00e9alisable, d\u2019autant que j\u2019ai accept\u00e9 de relever le d\u00e9fi dans l\u2019objectif d\u2019apporter un plus au football national qui a besoin d\u2019\u00eatre relanc\u00e9 sur des bases solides\u00a0\u00bb, a-t-il conclu.<\/p>\n<p><strong>Publi\u00e9 dans :<\/strong> <span>Amara<\/span><\/p>\n<\/div>\n<p>Auteur:<br \/>\n<a href=\"http:\/\/www.lebuteur.com\/article\/detail?titre=coupe-arabe-2021-amara-aller-le-plus-loin-possible-dans-la-competition&#038;id=99870&#038;utm_source=feedburner&#038;utm_medium=feed&#038;utm_campaign=Feed%3A+GalerieFArtciles+%28Les+derniers+articles++-+lebuteur.com%29\">Cliquez ici pour lire l&rsquo;article depuis sa source.<\/a><\/p>\n","protected":false},"excerpt":{"rendered":"<p>Auteur : APS mercredi 28 avril 2021 18:41 Le nouveau pr\u00e9sident de la F\u00e9d\u00e9ration alg\u00e9rienne de football (FAF) Charaf-Eddine Amara, a indiqu\u00e9 mercredi que l\u2019Alg\u00e9rie tentera de \u00ab\u00a0faire bonne figure et aller le plus loin possible\u00a0\u00bb lors de la Coupe arabe des nations de la Fifa, pr\u00e9vue au Qatar du 1er au 18 d\u00e9cembre prochain [&hellip;]<\/p>\n","protected":false},"author":1738,"featured_media":0,"comment_status":"closed","ping_status":"closed","sticky":false,"template":"","format":"standard","meta":{"fifu_image_url":"\/\/cdn.lebuteur.com\/data\/images\/article\/thumbs\/large-99870coupe-arabe-2021-amara-aller-le-plus-loin-possible-dans-la-competition-c9223.jpg","fifu_image_alt":"Equipe d'Alg\u00e9rie : Coupe arabe 2021 - Amara: \"Aller le plus loin possible dans la comp\u00e9tition\"","footnotes":""},"categories":[53,75],"tags":[],"class_list":["post-115765","post","type-post","status-publish","format-standard","hentry","category-algerie","category-sport"],"_links":{"self":[{"href":"https:\/\/linitiative.ca\/International\/wp-json\/wp\/v2\/posts\/115765","targetHints":{"allow":["GET"]}}],"collection":[{"href":"https:\/\/linitiative.ca\/International\/wp-json\/wp\/v2\/posts"}],"about":[{"href":"https:\/\/linitiative.ca\/International\/wp-json\/wp\/v2\/types\/post"}],"author":[{"embeddable":true,"href":"https:\/\/linitiative.ca\/International\/wp-json\/wp\/v2\/users\/1738"}],"replies":[{"embeddable":true,"href":"https:\/\/linitiative.ca\/International\/wp-json\/wp\/v2\/comments?post=115765"}],"version-history":[{"count":0,"href":"https:\/\/linitiative.ca\/International\/wp-json\/wp\/v2\/posts\/115765\/revisions"}],"wp:attachment":[{"href":"https:\/\/linitiative.ca\/International\/wp-json\/wp\/v2\/media?parent=115765"}],"wp:term":[{"taxonomy":"category","embeddable":true,"href":"https:\/\/linitiative.ca\/International\/wp-json\/wp\/v2\/categories?post=115765"},{"taxonomy":"post_tag","embeddable":true,"href":"https:\/\/linitiative.ca\/International\/wp-json\/wp\/v2\/tags?post=115765"}],"curies":[{"name":"wp","href":"https:\/\/api.w.org\/{rel}","templated":true}]}}