{"id":115770,"date":"2021-04-28T04:18:00","date_gmt":"2021-04-28T08:18:00","guid":{"rendered":"https:\/\/linitiative.ca\/International\/amen-bank-nomination-de-dirigeants-changement-dans-la-continuite\/"},"modified":"2021-04-28T04:18:00","modified_gmt":"2021-04-28T08:18:00","slug":"amen-bank-nomination-de-dirigeants-changement-dans-la-continuite","status":"publish","type":"post","link":"https:\/\/linitiative.ca\/International\/amen-bank-nomination-de-dirigeants-changement-dans-la-continuite\/","title":{"rendered":"Amen Bank &#8211; Nomination de dirigeants: Changement dans la continuit\u00e9"},"content":{"rendered":"<p>Le Conseil de Surveillance d\u2019Amen Bank qui s\u2019est r\u00e9uni le 27 avril 2021 a proc\u00e9d\u00e9 \u00e0 la nomination du Directoire appel\u00e9 \u00e0 g\u00e9rer la Banque. Le nouveau Directoire se compose de Messieurs N\u00e9ji Ghandri, Karim Ben Yedder et Mehrez Riahi. Messieurs N\u00e9ji Ghandri et Karim Ben Yedder ont \u00e9t\u00e9 d\u00e9sign\u00e9, respectivement, Pr\u00e9sident du Directoire et Directeur G\u00e9n\u00e9ral.<\/p>\n<p>Monsieur Ghandri prend ainsi le relais de M. Ahmed El Karm, qui a dirig\u00e9 Amen Bank depuis f\u00e9vrier 1993 et qui, tout au long de son mandat, a permis de hisser Amen Bank parmi les premi\u00e8res banques priv\u00e9es du pays.<\/p>\n<p>A cette occasion, le Conseil de Surveillance a tenu \u00e0 remercier chaleureusement M. Ahmed El Karm pour son engagement, sa vision strat\u00e9gique et sa contribution au service du d\u00e9veloppement d\u2019Amen Bank.<\/p>\n<p>M. N\u00e9ji Ghandri a fait ses armes au sein d\u2019Amen Bank. Il a \u00e9t\u00e9 d\u00e9sign\u00e9 membre du Directoire depuis novembre 2012, et a \u00e9t\u00e9 nomm\u00e9 Directeur G\u00e9n\u00e9ral en 2020.<\/p>\n<p>Le Conseil a \u00e9galement renouvel\u00e9 les mandats de ses membres pour une p\u00e9riode de trois ans en d\u00e9signant M. Rached Fourati, Pr\u00e9sident, et Mme Selma Babbou, Vice-pr\u00e9sidente.<\/p>\n<p>M. Rached Fourati a \u00e9galement \u00e9t\u00e9 nomm\u00e9 pr\u00e9sident du comit\u00e9 de nomination et de r\u00e9mun\u00e9ration.<\/p>\n<p>Messieurs Rachid Tmar, Abdelkader Boudriga, et Ahmed Bouzguenda ont \u00e9t\u00e9 nomm\u00e9s respectivement pr\u00e9sident du comit\u00e9 d\u2019audit, pr\u00e9sident du comit\u00e9 des risques et repr\u00e9sentant des petits porteurs.<br \/>\u00a0<\/p>\n<p>Auteur:<br \/>\n<a href=\"https:\/\/www.leaders.com.tn\/article\/31787-amen-bank-nomination-de-dirigeants-changement-dans-la-continuite\">Cliquez ici pour lire l&rsquo;article depuis sa source.<\/a><\/p>\n","protected":false},"excerpt":{"rendered":"<p>Le Conseil de Surveillance d\u2019Amen Bank qui s\u2019est r\u00e9uni le 27 avril 2021 a proc\u00e9d\u00e9 \u00e0 la nomination du Directoire appel\u00e9 \u00e0 g\u00e9rer la Banque. Le nouveau Directoire se compose de Messieurs N\u00e9ji Ghandri, Karim Ben Yedder et Mehrez Riahi. Messieurs N\u00e9ji Ghandri et Karim Ben Yedder ont \u00e9t\u00e9 d\u00e9sign\u00e9, respectivement, Pr\u00e9sident du Directoire et [&hellip;]<\/p>\n","protected":false},"author":1772,"featured_media":0,"comment_status":"closed","ping_status":"closed","sticky":false,"template":"","format":"standard","meta":{"fifu_image_url":"","fifu_image_alt":"","footnotes":""},"categories":[73,55],"tags":[],"class_list":["post-115770","post","type-post","status-publish","format-standard","hentry","category-actualite","category-tunisie"],"_links":{"self":[{"href":"https:\/\/linitiative.ca\/International\/wp-json\/wp\/v2\/posts\/115770","targetHints":{"allow":["GET"]}}],"collection":[{"href":"https:\/\/linitiative.ca\/International\/wp-json\/wp\/v2\/posts"}],"about":[{"href":"https:\/\/linitiative.ca\/International\/wp-json\/wp\/v2\/types\/post"}],"author":[{"embeddable":true,"href":"https:\/\/linitiative.ca\/International\/wp-json\/wp\/v2\/users\/1772"}],"replies":[{"embeddable":true,"href":"https:\/\/linitiative.ca\/International\/wp-json\/wp\/v2\/comments?post=115770"}],"version-history":[{"count":0,"href":"https:\/\/linitiative.ca\/International\/wp-json\/wp\/v2\/posts\/115770\/revisions"}],"wp:attachment":[{"href":"https:\/\/linitiative.ca\/International\/wp-json\/wp\/v2\/media?parent=115770"}],"wp:term":[{"taxonomy":"category","embeddable":true,"href":"https:\/\/linitiative.ca\/International\/wp-json\/wp\/v2\/categories?post=115770"},{"taxonomy":"post_tag","embeddable":true,"href":"https:\/\/linitiative.ca\/International\/wp-json\/wp\/v2\/tags?post=115770"}],"curies":[{"name":"wp","href":"https:\/\/api.w.org\/{rel}","templated":true}]}}