{"id":115772,"date":"2021-04-28T06:00:00","date_gmt":"2021-04-28T10:00:00","guid":{"rendered":"https:\/\/linitiative.ca\/International\/lesperance-de-vie-recule-de-pres-de-2-ans-avec-la-pandemie\/"},"modified":"2021-04-28T06:00:00","modified_gmt":"2021-04-28T10:00:00","slug":"lesperance-de-vie-recule-de-pres-de-2-ans-avec-la-pandemie","status":"publish","type":"post","link":"https:\/\/linitiative.ca\/International\/lesperance-de-vie-recule-de-pres-de-2-ans-avec-la-pandemie\/","title":{"rendered":"L&rsquo;esp\u00e9rance de vie recule de pr\u00e8s de 2 ans avec la pand\u00e9mie"},"content":{"rendered":"<p>L&rsquo;esp\u00e9rance de vie \u00e0 la naissance des Russes a recul\u00e9 en 2020 pour la premi\u00e8re fois en pr\u00e8s de 20 ans sous l&rsquo;effet du coronavirus, de pr\u00e8s de 2 ans, selon des statistiques du minist\u00e8re de la Sant\u00e9 publi\u00e9es mardi.<br \/>Depuis 2003, cet indicateur augmentait progressivement en Russie et avait atteint 73,3 ans en 2019, avant de reculer brutalement \u00e0 71,5 ans entre janvier et d\u00e9cembre 2020. Selon le minist\u00e8re, ce recul s&rsquo;explique par un exc\u00e8s de d\u00e9c\u00e8s caus\u00e9 par le Covid-19, qui a pos\u00e9 \u00abl&rsquo;un des plus grands d\u00e9fis\u00bb du syst\u00e8me de sant\u00e9 russe.<br \/>Mi-avril, le ministre de la Sant\u00e9, Mikha\u00efl Mourachko, avait reconnu que la pand\u00e9mie avait eu \u00abdes cons\u00e9quences d\u00e9mographiques n\u00e9gatives\u00bb et entra\u00een\u00e9 une chute de l&rsquo;esp\u00e9rance de vie.<br \/>La semaine derni\u00e8re, le Pr\u00e9sident Vladimir Poutine a n\u00e9anmoins fix\u00e9 comme objectif d&rsquo;atteindre une esp\u00e9rance de vie en Russie de 78 ans d&rsquo;ici 2030, tout en d\u00e9crivant la situation d\u00e9mographique du pays comme \u00abalarmante\u00bb.<br \/>Mardi, le minist\u00e8re de la Sant\u00e9 a \u00e9galement confirm\u00e9 que le pays avait connu en 2020 une hausse de la mortalit\u00e9 de 17,9% par rapport \u00e0 2019.\u00a0<br \/>Le gouvernement russe a \u00e9t\u00e9 accus\u00e9 de minimiser les cons\u00e9quences de l&rsquo;\u00e9pid\u00e9mie en ne comptabilisant que les d\u00e9c\u00e8s dont la cause premi\u00e8re est le coronavirus, apr\u00e8s confirmation lors d&rsquo;une autopsie.<br \/>Fin f\u00e9vrier, l&rsquo;agence russe des statistiques, Rosstat, avait fait \u00e9tat de plus de 224 000 morts li\u00e9es au virus, alors que le gouvernement n&rsquo;en comptait mardi officiellement que 108 588 dans son bilan quotidien.<br \/>Apr\u00e8s un premier confinement impos\u00e9 au printemps 2020, la Russie a progressivement rel\u00e2ch\u00e9 ses mesures de lutte contre le coronavirus, assurant que le pic de la pand\u00e9mie \u00e9tait pass\u00e9 et ne souhaitant pas p\u00e9naliser davantage une \u00e9conomie d\u00e9j\u00e0 atone.\u00a0<br \/>Les autorit\u00e9s comptent aussi sur leur vaccin, le Spoutnik V, m\u00eame si la campagne d&rsquo;immunisation reste poussive face \u00e0 la m\u00e9fiance des Russes.<br \/>La vice-Premi\u00e8re ministre, charg\u00e9e de la Sant\u00e9, Tatiana Golikova, a indiqu\u00e9 mardi que plus de 12 millions de personnes avaient re\u00e7u une premi\u00e8re dose de vaccin, soit un peu plus de 8% de la population russe.<\/p>\n<p>Auteur:<br \/>\n<a href=\"https:\/\/www.lesoirdalgerie.com\/monde\/lesperance-de-vie-recule-de-pres-de-2-ans-avec-la-pandemie-60338\">Cliquez ici pour lire l&rsquo;article depuis sa source.<\/a><\/p>\n","protected":false},"excerpt":{"rendered":"<p>L&rsquo;esp\u00e9rance de vie \u00e0 la naissance des Russes a recul\u00e9 en 2020 pour la premi\u00e8re fois en pr\u00e8s de 20 ans sous l&rsquo;effet du coronavirus, de pr\u00e8s de 2 ans, selon des statistiques du minist\u00e8re de la Sant\u00e9 publi\u00e9es mardi.Depuis 2003, cet indicateur augmentait progressivement en Russie et avait atteint 73,3 ans en 2019, avant [&hellip;]<\/p>\n","protected":false},"author":1741,"featured_media":0,"comment_status":"closed","ping_status":"closed","sticky":false,"template":"","format":"standard","meta":{"fifu_image_url":"","fifu_image_alt":"","footnotes":""},"categories":[73,53],"tags":[],"class_list":["post-115772","post","type-post","status-publish","format-standard","hentry","category-actualite","category-algerie"],"_links":{"self":[{"href":"https:\/\/linitiative.ca\/International\/wp-json\/wp\/v2\/posts\/115772","targetHints":{"allow":["GET"]}}],"collection":[{"href":"https:\/\/linitiative.ca\/International\/wp-json\/wp\/v2\/posts"}],"about":[{"href":"https:\/\/linitiative.ca\/International\/wp-json\/wp\/v2\/types\/post"}],"author":[{"embeddable":true,"href":"https:\/\/linitiative.ca\/International\/wp-json\/wp\/v2\/users\/1741"}],"replies":[{"embeddable":true,"href":"https:\/\/linitiative.ca\/International\/wp-json\/wp\/v2\/comments?post=115772"}],"version-history":[{"count":0,"href":"https:\/\/linitiative.ca\/International\/wp-json\/wp\/v2\/posts\/115772\/revisions"}],"wp:attachment":[{"href":"https:\/\/linitiative.ca\/International\/wp-json\/wp\/v2\/media?parent=115772"}],"wp:term":[{"taxonomy":"category","embeddable":true,"href":"https:\/\/linitiative.ca\/International\/wp-json\/wp\/v2\/categories?post=115772"},{"taxonomy":"post_tag","embeddable":true,"href":"https:\/\/linitiative.ca\/International\/wp-json\/wp\/v2\/tags?post=115772"}],"curies":[{"name":"wp","href":"https:\/\/api.w.org\/{rel}","templated":true}]}}