{"id":115774,"date":"2021-04-28T06:00:00","date_gmt":"2021-04-28T10:00:00","guid":{"rendered":"https:\/\/linitiative.ca\/International\/pas-de-circoncisions-collectives\/"},"modified":"2021-04-28T06:00:00","modified_gmt":"2021-04-28T10:00:00","slug":"pas-de-circoncisions-collectives","status":"publish","type":"post","link":"https:\/\/linitiative.ca\/International\/pas-de-circoncisions-collectives\/","title":{"rendered":"Pas de circoncisions collectives"},"content":{"rendered":"<p class=\"c3\">Les structures de sant\u00e9 ont \u00e9t\u00e9 instruites de ne pas proc\u00e9der aux circoncisions collectives des enfants. Ces derni\u00e8res, traditionnellement organis\u00e9es vers la mi-Ramadhan, ne sont pas autoris\u00e9es en raison de la pand\u00e9mie. Certaines associations ont quand m\u00eame maintenu les festivit\u00e9s, tout en reportant l&rsquo;acte chirurgical \u00e0 l&rsquo;apr\u00e8s-Ramadhan.<\/p>\n<p>Auteur:<br \/>\n<a href=\"https:\/\/www.lesoirdalgerie.com\/periscoop\/pas-de-circoncisions-collectives-60336\">Cliquez ici pour lire l&rsquo;article depuis sa source.<\/a><\/p>\n","protected":false},"excerpt":{"rendered":"<p>Les structures de sant\u00e9 ont \u00e9t\u00e9 instruites de ne pas proc\u00e9der aux circoncisions collectives des enfants. Ces derni\u00e8res, traditionnellement organis\u00e9es vers la mi-Ramadhan, ne sont pas autoris\u00e9es en raison de la pand\u00e9mie. Certaines associations ont quand m\u00eame maintenu les festivit\u00e9s, tout en reportant l&rsquo;acte chirurgical \u00e0 l&rsquo;apr\u00e8s-Ramadhan. Auteur: Cliquez ici pour lire l&rsquo;article depuis sa [&hellip;]<\/p>\n","protected":false},"author":1741,"featured_media":0,"comment_status":"closed","ping_status":"closed","sticky":false,"template":"","format":"standard","meta":{"fifu_image_url":"","fifu_image_alt":"","footnotes":""},"categories":[73,53],"tags":[],"class_list":["post-115774","post","type-post","status-publish","format-standard","hentry","category-actualite","category-algerie"],"_links":{"self":[{"href":"https:\/\/linitiative.ca\/International\/wp-json\/wp\/v2\/posts\/115774","targetHints":{"allow":["GET"]}}],"collection":[{"href":"https:\/\/linitiative.ca\/International\/wp-json\/wp\/v2\/posts"}],"about":[{"href":"https:\/\/linitiative.ca\/International\/wp-json\/wp\/v2\/types\/post"}],"author":[{"embeddable":true,"href":"https:\/\/linitiative.ca\/International\/wp-json\/wp\/v2\/users\/1741"}],"replies":[{"embeddable":true,"href":"https:\/\/linitiative.ca\/International\/wp-json\/wp\/v2\/comments?post=115774"}],"version-history":[{"count":0,"href":"https:\/\/linitiative.ca\/International\/wp-json\/wp\/v2\/posts\/115774\/revisions"}],"wp:attachment":[{"href":"https:\/\/linitiative.ca\/International\/wp-json\/wp\/v2\/media?parent=115774"}],"wp:term":[{"taxonomy":"category","embeddable":true,"href":"https:\/\/linitiative.ca\/International\/wp-json\/wp\/v2\/categories?post=115774"},{"taxonomy":"post_tag","embeddable":true,"href":"https:\/\/linitiative.ca\/International\/wp-json\/wp\/v2\/tags?post=115774"}],"curies":[{"name":"wp","href":"https:\/\/api.w.org\/{rel}","templated":true}]}}