{"id":115777,"date":"2021-04-28T07:45:00","date_gmt":"2021-04-28T11:45:00","guid":{"rendered":"https:\/\/linitiative.ca\/International\/renault-megane-sedan-restylee-la-meme-en-mieux\/"},"modified":"2021-04-28T07:45:00","modified_gmt":"2021-04-28T11:45:00","slug":"renault-megane-sedan-restylee-la-meme-en-mieux","status":"publish","type":"post","link":"https:\/\/linitiative.ca\/International\/renault-megane-sedan-restylee-la-meme-en-mieux\/","title":{"rendered":"Renault M\u00e9gane Sedan restyl\u00e9e : la m\u00eame en mieux"},"content":{"rendered":"<p><strong>Chez Renault, il n\u2019y a pas que la M\u00e9gane cinq-portes qui a eu droit \u00e0 une petite cure de jouvence. Sa variante \u00e0 quatre-portes, la Sedan a b\u00e9n\u00e9fici\u00e9 elle aussi de la m\u00eame attention. Juste ce qu\u2019il faut de retouches pour lui permettre de repartir \u00e0 l\u2019assaut de son segment, celui des berlines compactes, qui suscite toujours l\u2019int\u00e9r\u00eat d\u2019une certaine client\u00e8le du Royaume.<\/strong><\/p>\n<div class=\"c10\">\n<\/div>\n<p>Les berlines de type compactes et \u00e0 coffre sont toujours dans le coup dans bon nombre de pays, y compris au Maroc.\u00a0Preuve en est avec la derni\u00e8re g\u00e9n\u00e9ration de la M\u00e9gane Sedan qui s\u2019est \u00e9coul\u00e9e dans le Royaume depuis son lancement en 2017 \u00e0 plus de 3 300 unit\u00e9s, se hissant ainsi \u00e0 la 3<sup>\u00e8me<\/sup> place de son segment. Quoi de plus logique pour ce fer de lance du losange de se refaire une beaut\u00e9 histoire de maintenir, sinon d\u2019accro\u00eetre, la courbe de ses ventes. Pour y parvenir, elle adopte un style \u00e0 la fois plus \u00e9l\u00e9gant et raffin\u00e9. Dans le d\u00e9tail, l\u2019ensemble des feux font d\u00e9sormais appel \u00e0 la technologie Full LED d\u00e8s le premier niveau de finition. Par ailleurs, le bouclier avant a \u00e9t\u00e9 redessin\u00e9\u00a0; de m\u00eame que la calandre int\u00e8gre quelques \u00e9l\u00e9ments chrom\u00e9s du plus bel effet. De nouvelles jantes font \u00e9galement leur apparition.<\/p>\n<p><strong>Lire aussi | <a href=\"https:\/\/www.challenge.ma\/fruits-et-legumes-la-catastrophe-de-la-gelee-en-france-une-aubaine-pour-les-exportations-marocaines-182574\/\">Fruits et l\u00e9gumes : la catastrophe de la gel\u00e9e en France, une aubaine pour les exportations marocaines<\/a><\/strong><\/p>\n<p>Quelques touches de nouveaut\u00e9s viennent agr\u00e9menter la vie \u00e0 bord, \u00e0 l\u2019instar d\u2019un tableau de bord num\u00e9rique personnalisable allant jusqu\u2019\u00e0 10,2 pouces. Et ce n\u2019est pas tout puisque la planche de bord int\u00e8gre, selon les finitions, une nouvelle tablette verticale de 7 \u00e0 9,3 pouces pour un affichage deux fois plus grand. Elle propose, via le nouveau syst\u00e8me multim\u00e9dia Renault EASY LINK, l\u2019ensemble des prestations de navigation et \u00abd\u2019infotainment\u00bb, ainsi que les r\u00e9glages MULTI-SENSE. Par ailleurs, de nouvelles selleries viennent compl\u00e9ter cet int\u00e9rieur. La qualit\u00e9 des mat\u00e9riaux et le confort ne sont pas en reste et s\u2019associent pour offrir une ambiance agr\u00e9able et contemporaine.<\/p>\n<p><strong>Lire aussi |<a href=\"https:\/\/www.challenge.ma\/la-dgi-proroge-les-mesures-incitatives-pour-les-personnes-physiques-nouvellement-identifiees-182838\/\">La DGI proroge les mesures incitatives pour les personnes physiques nouvellement identifi\u00e9es<\/a><\/strong><\/p>\n<p>En option, le toit vitr\u00e9 panoramique invite \u00e0 voyager dans un \u00e9crin de lumi\u00e8re et le coffre \u00e0 ouvertures mains libres permet de charger et de d\u00e9charger ses bagages en un clin d\u2019\u0153il. Sous le capot, c\u2019est le polyvalent 1,5 litre dCi en version 115 chevaux qui vient animer l\u2019ensemble, un bloc qui est associ\u00e9 au choix \u00e0 une bo\u00eete de vitesses manuelle \u00e0 six rapports, ou automatique EDC \u00e0 double embrayage et \u00e0 sept rapports. Disponible dans tout le r\u00e9seau Renault Commerce Maroc, le tarif d\u2019attaque de la Renault M\u00e9gane Sedan\u00a0 d\u00e9bute \u00e0 partir de 215\u00a0900 DH.<\/p>\n<figure class=\"wp-block-image size-large is-resized\"><img decoding=\"async\" loading=\"lazy\" src=\"https:\/\/www.challenge.ma\/wp-content\/uploads\/2021\/04\/Renault-Megane_av.jpg\" alt=\"\" class=\"wp-image-182858\" width=\"647\" height=\"358\" srcset=\"https:\/\/www.challenge.ma\/wp-content\/uploads\/2021\/04\/Renault-Megane_av.jpg 735w, https:\/\/www.challenge.ma\/wp-content\/uploads\/2021\/04\/Renault-Megane_av-300x166.jpg 300w, https:\/\/www.challenge.ma\/wp-content\/uploads\/2021\/04\/Renault-Megane_av-360x199.jpg 360w\" sizes=\"auto, (max-width: 647px) 100vw, 647px\"\/><\/figure>\n<p><strong>Versions et tarifs<\/strong><\/p>\n<p>M\u00e9gane 4 Sedan Life\u00a0: 215\u00a0900 DH TTC<\/p>\n<p>M\u00e9gane 4 Sedan Explore\u00a0: 237\u00a0900 TTC<\/p>\n<p>M\u00e9gane 4 Sedan Explore EDC\u00a0: 257\u00a0900 TTC<\/p>\n<p>M\u00e9gane 4 Sedan Intens EDC\u00a0: 282\u00a0900 TTC<\/p>\n<p>Auteur: David J\u00e9r\u00e9mie<br \/>\n<a href=\"https:\/\/www.challenge.ma\/renault-megane-sedan-restylee-la-meme-en-mieux-182852\/\">Cliquez ici pour lire l&rsquo;article depuis sa source.<\/a><\/p>\n","protected":false},"excerpt":{"rendered":"<p>Chez Renault, il n\u2019y a pas que la M\u00e9gane cinq-portes qui a eu droit \u00e0 une petite cure de jouvence. Sa variante \u00e0 quatre-portes, la Sedan a b\u00e9n\u00e9fici\u00e9 elle aussi de la m\u00eame attention. Juste ce qu\u2019il faut de retouches pour lui permettre de repartir \u00e0 l\u2019assaut de son segment, celui des berlines compactes, qui [&hellip;]<\/p>\n","protected":false},"author":1787,"featured_media":0,"comment_status":"closed","ping_status":"closed","sticky":false,"template":"","format":"standard","meta":{"fifu_image_url":"https:\/\/www.challenge.ma\/wp-content\/uploads\/2021\/04\/Renault-Megane_av.jpg","fifu_image_alt":"Renault M\u00e9gane Sedan restyl\u00e9e : la m\u00eame en mieux","footnotes":""},"categories":[78,54],"tags":[],"class_list":["post-115777","post","type-post","status-publish","format-standard","hentry","category-economie","category-maroc"],"_links":{"self":[{"href":"https:\/\/linitiative.ca\/International\/wp-json\/wp\/v2\/posts\/115777","targetHints":{"allow":["GET"]}}],"collection":[{"href":"https:\/\/linitiative.ca\/International\/wp-json\/wp\/v2\/posts"}],"about":[{"href":"https:\/\/linitiative.ca\/International\/wp-json\/wp\/v2\/types\/post"}],"author":[{"embeddable":true,"href":"https:\/\/linitiative.ca\/International\/wp-json\/wp\/v2\/users\/1787"}],"replies":[{"embeddable":true,"href":"https:\/\/linitiative.ca\/International\/wp-json\/wp\/v2\/comments?post=115777"}],"version-history":[{"count":0,"href":"https:\/\/linitiative.ca\/International\/wp-json\/wp\/v2\/posts\/115777\/revisions"}],"wp:attachment":[{"href":"https:\/\/linitiative.ca\/International\/wp-json\/wp\/v2\/media?parent=115777"}],"wp:term":[{"taxonomy":"category","embeddable":true,"href":"https:\/\/linitiative.ca\/International\/wp-json\/wp\/v2\/categories?post=115777"},{"taxonomy":"post_tag","embeddable":true,"href":"https:\/\/linitiative.ca\/International\/wp-json\/wp\/v2\/tags?post=115777"}],"curies":[{"name":"wp","href":"https:\/\/api.w.org\/{rel}","templated":true}]}}