{"id":115778,"date":"2021-04-28T08:17:47","date_gmt":"2021-04-28T12:17:47","guid":{"rendered":"https:\/\/linitiative.ca\/International\/la-dgi-proroge-les-mesures-incitatives-pour-les-personnes-physiques-nouvellement-identifiees\/"},"modified":"2021-04-28T08:17:47","modified_gmt":"2021-04-28T12:17:47","slug":"la-dgi-proroge-les-mesures-incitatives-pour-les-personnes-physiques-nouvellement-identifiees","status":"publish","type":"post","link":"https:\/\/linitiative.ca\/International\/la-dgi-proroge-les-mesures-incitatives-pour-les-personnes-physiques-nouvellement-identifiees\/","title":{"rendered":"La DGI proroge les mesures incitatives pour les personnes physiques nouvellement identifi\u00e9es"},"content":{"rendered":"<p><strong>Bonne nouvelle pour les contribuables (Personnes physiques). L\u2019administration fiscale a en effet d\u00e9cid\u00e9 de proroger les mesures d\u2019incitation au profit des personnes physiques nouvellement identifi\u00e9es\u00a0jusqu\u2019au 31 d\u00e9cembre 2021.<\/strong><\/p>\n<div class=\"c10\">\n<\/div>\n<p>La Direction G\u00e9n\u00e9rale des Imp\u00f4t (DGI) prolonge les mesures d\u2019incitation en faveur des personnes physiques nouvellement identifi\u00e9s jusqu\u2019au 31 d\u00e9cembre 2021. \u00ab\u00a0Ainsi, les personnes physiques exer\u00e7ant une activit\u00e9 passible de l\u2019imp\u00f4t sur le revenu qui s\u2019identifient pour la premi\u00e8re fois aupr\u00e8s de l\u2019administration fiscale, en s\u2019inscrivant au r\u00f4le de la taxe professionnelle, \u00e0 partir du 1<sup>er<\/sup> janvier 2021, ne sont imposables que sur la base des revenus acquis et des op\u00e9rations r\u00e9alis\u00e9es \u00e0 partir de la date de leur identification\u00a0\u00bb, explique la DGI, ajoutant que cette prorogation est contenue dans l\u2019article 6 bis de la Loi de finances 2021.<\/p>\n<p><strong>Lire aussi| <a href=\"https:\/\/www.challenge.ma\/la-dgi-se-conforme-a-la-loi-sur-la-simplification-des-procedures-administratives-182786\/\">La DGI se conforme \u00e0 la loi sur la simplification des proc\u00e9dures administratives<\/a><\/strong><\/p>\n<p>\u00ab\u00a0Les contribuables nouvellement identifi\u00e9s b\u00e9n\u00e9ficient des avantages pr\u00e9vus par le droit commun, tels l\u2019exon\u00e9ration quinquennale de la taxe professionnelle et l\u2019 exon\u00e9ration totale ou taux r\u00e9duit applicable en mati\u00e8re d\u2019imp\u00f4t sur le revenu\u00a0\u00bb, conclut l\u2019administration fiscale.<\/p>\n<p><strong>Lire aussi| <a href=\"https:\/\/www.challenge.ma\/fete-du-travail-le-gouvernement-interdit-toute-celebration-182810\/\">F\u00eate du travail : le gouvernement interdit toute c\u00e9l\u00e9bration<\/a><\/strong><\/p>\n<p>Auteur: challenge<br \/>\n<a href=\"https:\/\/www.challenge.ma\/la-dgi-proroge-les-mesures-incitatives-pour-les-personnes-physiques-nouvellement-identifiees-182838\/\">Cliquez ici pour lire l&rsquo;article depuis sa source.<\/a><\/p>\n","protected":false},"excerpt":{"rendered":"<p>Bonne nouvelle pour les contribuables (Personnes physiques). L\u2019administration fiscale a en effet d\u00e9cid\u00e9 de proroger les mesures d\u2019incitation au profit des personnes physiques nouvellement identifi\u00e9es\u00a0jusqu\u2019au 31 d\u00e9cembre 2021. La Direction G\u00e9n\u00e9rale des Imp\u00f4t (DGI) prolonge les mesures d\u2019incitation en faveur des personnes physiques nouvellement identifi\u00e9s jusqu\u2019au 31 d\u00e9cembre 2021. \u00ab\u00a0Ainsi, les personnes physiques exer\u00e7ant une [&hellip;]<\/p>\n","protected":false},"author":1787,"featured_media":0,"comment_status":"closed","ping_status":"closed","sticky":false,"template":"","format":"standard","meta":{"fifu_image_url":"","fifu_image_alt":"","footnotes":""},"categories":[78,54],"tags":[],"class_list":["post-115778","post","type-post","status-publish","format-standard","hentry","category-economie","category-maroc"],"_links":{"self":[{"href":"https:\/\/linitiative.ca\/International\/wp-json\/wp\/v2\/posts\/115778","targetHints":{"allow":["GET"]}}],"collection":[{"href":"https:\/\/linitiative.ca\/International\/wp-json\/wp\/v2\/posts"}],"about":[{"href":"https:\/\/linitiative.ca\/International\/wp-json\/wp\/v2\/types\/post"}],"author":[{"embeddable":true,"href":"https:\/\/linitiative.ca\/International\/wp-json\/wp\/v2\/users\/1787"}],"replies":[{"embeddable":true,"href":"https:\/\/linitiative.ca\/International\/wp-json\/wp\/v2\/comments?post=115778"}],"version-history":[{"count":0,"href":"https:\/\/linitiative.ca\/International\/wp-json\/wp\/v2\/posts\/115778\/revisions"}],"wp:attachment":[{"href":"https:\/\/linitiative.ca\/International\/wp-json\/wp\/v2\/media?parent=115778"}],"wp:term":[{"taxonomy":"category","embeddable":true,"href":"https:\/\/linitiative.ca\/International\/wp-json\/wp\/v2\/categories?post=115778"},{"taxonomy":"post_tag","embeddable":true,"href":"https:\/\/linitiative.ca\/International\/wp-json\/wp\/v2\/tags?post=115778"}],"curies":[{"name":"wp","href":"https:\/\/api.w.org\/{rel}","templated":true}]}}