{"id":115781,"date":"2021-04-28T11:40:05","date_gmt":"2021-04-28T15:40:05","guid":{"rendered":"https:\/\/linitiative.ca\/International\/politique-une-campagne-a-reculons\/"},"modified":"2021-04-28T11:40:05","modified_gmt":"2021-04-28T15:40:05","slug":"politique-une-campagne-a-reculons","status":"publish","type":"post","link":"https:\/\/linitiative.ca\/International\/politique-une-campagne-a-reculons\/","title":{"rendered":"Politique : une campagne \u00e0 reculons"},"content":{"rendered":"<p><strong>Les noms d\u2019oiseaux fusent de toutes parts, des accusations non av\u00e9r\u00e9es qui confortent l\u2019horrible \u00ab\u00a0tous pourris\u00a0\u00bb, des exodes collectifs, c\u2019est ce que la classe politique nous a offert comme d\u00e9but de campagne. Leur objectif serait celui de d\u00e9go\u00fbter les \u00e9lecteurs, qu\u2019ils n\u2019agiraient pas autrement.<\/strong><\/p>\n<div class=\"c10\">\n<\/div>\n<p>Un m\u00e9dia ind\u00e9pendant n\u2019a pas \u00e0 s\u2019inclure dans une campagne \u00e9lectorale, c\u2019est en tous cas notre conception \u00e0 \u00ab\u00a0Challenge\u00a0\u00bb. Mais force est de constater que la m\u00e9diocrit\u00e9 de la campagne \u00e9lectorale met en danger la construction d\u00e9mocratique. Si en 2016 le clivage a fonctionn\u00e9 en faveur de deux partis, le PJD soutenu par des d\u00e9fenseurs de la d\u00e9mocratie et le PAM soutenu par des gens qui le voyaient en rempart face aux Islamistes, la situation politique a chang\u00e9. Ce ne sont pas les joutes verbales autour du quotient \u00e9lectoral ou du cannabis qui vont susciter l\u2019enthousiasme des foules. Ce qui int\u00e9resse au plus haut point, c\u2019est le projet de sortie de crise.<\/p>\n<p><strong>Lire aussi | <a href=\"https:\/\/www.challenge.ma\/logistique-des-colis-barid-al-maghrib-lance-les-armoires-a-consignes-181891\/\" target=\"_blank\" rel=\"noreferrer noopener\">Logistique des colis : Barid Al Maghrib lance les armoires \u00e0 consignes<\/a><\/strong><\/p>\n<p>Aucun parti ne peut s\u2019octroyer la paternit\u00e9 du projet de couverture sociale. Ce projet, structurant, qui constitue une v\u00e9ritable avanc\u00e9e dans le domaine des filets sociaux est \u00e0 juste titre \u00ab\u00a0Royal\u00a0\u00bb, les partis auront peut-\u00eatre \u00e0 le mettre en musique. Mais il leur sera difficile de se diff\u00e9rencier sur ce th\u00e8me. L\u2019approfondissement de la d\u00e9mocratie, la justice sociale, l\u2019\u00e9quit\u00e9 territoriale peut constituer\u00a0un enjeu puissant d\u2019une campagne projet contre projet, seul moyen de d\u00e9placer les inscrits. Mais les partis politiques ont oubli\u00e9 cette pratique saine du combat politique autour de la chose publique. Ce faisant, ils participent eux-m\u00eames \u00e0 la d\u00e9valorisation de leur action. Pire, ils \u00e9loignent le peuple de la politique. Toutes les instances \u00e9lues sont d\u00e9consid\u00e9r\u00e9es et des discours en faveur d\u2019un despotisme \u00e9clair\u00e9 gagnent dans l\u2019opinion.<\/p>\n<p><strong>Lire aussi | <a href=\"https:\/\/www.challenge.ma\/la-dgi-proroge-les-mesures-incitatives-pour-les-personnes-physiques-nouvellement-identifiees-182838\/\" target=\"_blank\" rel=\"noreferrer noopener\">La DGI proroge les mesures incitatives pour les personnes physiques nouvellement identifi\u00e9es<\/a><\/strong><\/p>\n<p>Les partis qui ont gouvern\u00e9 doivent assumer leur bilan. Il est navrant de constater que ni le PJD, ni aucun de ses alli\u00e9s, n\u2019assument la politique qu\u2019ils ont men\u00e9e pendant cinq ans. Ce n\u2019est pas respectueux de la Souverainet\u00e9 populaire, dont ils se r\u00e9clament tous. Le spectacle offert est indigne d\u2019une d\u00e9mocratie en maturation. Ces batailles de chiffonniers n\u2019int\u00e9ressent strictement personne. Le juge de paix sera, sans doute, le taux de participation. S\u2019il baisse significativement cela constituera un \u00e9chec tr\u00e8s grave. Mais est-ce que le personnel politique est attach\u00e9 \u00e0 la d\u00e9mocratie\u00a0?<\/p>\n<p>Auteur: challenge<br \/>\n<a href=\"https:\/\/www.challenge.ma\/politique-une-campagne-a-reculons-182865\/\">Cliquez ici pour lire l&rsquo;article depuis sa source.<\/a><\/p>\n","protected":false},"excerpt":{"rendered":"<p>Les noms d\u2019oiseaux fusent de toutes parts, des accusations non av\u00e9r\u00e9es qui confortent l\u2019horrible \u00ab\u00a0tous pourris\u00a0\u00bb, des exodes collectifs, c\u2019est ce que la classe politique nous a offert comme d\u00e9but de campagne. Leur objectif serait celui de d\u00e9go\u00fbter les \u00e9lecteurs, qu\u2019ils n\u2019agiraient pas autrement. Un m\u00e9dia ind\u00e9pendant n\u2019a pas \u00e0 s\u2019inclure dans une campagne \u00e9lectorale, [&hellip;]<\/p>\n","protected":false},"author":1787,"featured_media":0,"comment_status":"closed","ping_status":"closed","sticky":false,"template":"","format":"standard","meta":{"fifu_image_url":"","fifu_image_alt":"","footnotes":""},"categories":[78,54],"tags":[],"class_list":["post-115781","post","type-post","status-publish","format-standard","hentry","category-economie","category-maroc"],"_links":{"self":[{"href":"https:\/\/linitiative.ca\/International\/wp-json\/wp\/v2\/posts\/115781","targetHints":{"allow":["GET"]}}],"collection":[{"href":"https:\/\/linitiative.ca\/International\/wp-json\/wp\/v2\/posts"}],"about":[{"href":"https:\/\/linitiative.ca\/International\/wp-json\/wp\/v2\/types\/post"}],"author":[{"embeddable":true,"href":"https:\/\/linitiative.ca\/International\/wp-json\/wp\/v2\/users\/1787"}],"replies":[{"embeddable":true,"href":"https:\/\/linitiative.ca\/International\/wp-json\/wp\/v2\/comments?post=115781"}],"version-history":[{"count":0,"href":"https:\/\/linitiative.ca\/International\/wp-json\/wp\/v2\/posts\/115781\/revisions"}],"wp:attachment":[{"href":"https:\/\/linitiative.ca\/International\/wp-json\/wp\/v2\/media?parent=115781"}],"wp:term":[{"taxonomy":"category","embeddable":true,"href":"https:\/\/linitiative.ca\/International\/wp-json\/wp\/v2\/categories?post=115781"},{"taxonomy":"post_tag","embeddable":true,"href":"https:\/\/linitiative.ca\/International\/wp-json\/wp\/v2\/tags?post=115781"}],"curies":[{"name":"wp","href":"https:\/\/api.w.org\/{rel}","templated":true}]}}