{"id":115782,"date":"2021-04-28T16:45:09","date_gmt":"2021-04-28T20:45:09","guid":{"rendered":"https:\/\/linitiative.ca\/International\/la-banque-africaine-de-developpement-plaide-pour-linvestissement-vert\/"},"modified":"2021-04-28T16:45:09","modified_gmt":"2021-04-28T20:45:09","slug":"la-banque-africaine-de-developpement-plaide-pour-linvestissement-vert","status":"publish","type":"post","link":"https:\/\/linitiative.ca\/International\/la-banque-africaine-de-developpement-plaide-pour-linvestissement-vert\/","title":{"rendered":"La Banque africaine de d\u00e9veloppement plaide pour l\u2019investissement vert"},"content":{"rendered":"<div class=\"post-cont-in left relative\">\n<div id=\"post-info-wrap\" class=\"left relative post-info-out\">\n<div class=\"post-info-img left relative\"><img decoding=\"async\" alt=\"\" src=\"https:\/\/secure.gravatar.com\/avatar\/b658f27b24160a89d557421a966e5ca1?s=50&amp;d=mm&amp;r=g\" srcset=\"https:\/\/secure.gravatar.com\/avatar\/b658f27b24160a89d557421a966e5ca1?s=100&amp;d=mm&amp;r=g 2x\" class=\"avatar avatar-50 photo\" height=\"50\" width=\"50\" loading=\"lazy\"\/><\/div>\n<div class=\"post-info-in\">\n<div class=\"post-info-right left relative post-info-name left relative\"><span><span class=\"post-info-text\">Par<\/span> <span class=\"author-name vcard fn author\"><a href=\"https:\/\/www.tunisienumerique.com\/author\/htb\/\" title=\"Articles par Mohamed Ben Abderrazek\" rel=\"author\">Mohamed Ben Abderrazek<\/a><\/span><\/span> <span class=\"post-date updated\"><time class=\"post-date updated\" datetime=\"2021-04-28\">\u00a0| Il y a 1 minute<\/time><\/span><br \/>\n<meta itemprop=\"dateModified\" content=\"2021-04-28\"\/><\/div>\n<div class=\"left relative\"><button id=\"listenButton1\" class=\"responsivevoice-button\" type=\"button\" value=\"Play\" title=\"\u00c9coutez l'article\"><span>\ud83d\udd0a \u00c9coutez l&rsquo;article<\/span><\/button>\n<\/div>\n<\/div>\n<\/div>\n<p>Le pr\u00e9sident de la Banque africaine de d\u00e9veloppement (BAD), Akinwumi A. Adesina, a d\u00e9clar\u00e9 lors du Forum Union europ\u00e9enne-Afrique sur les investissements verts organis\u00e9 le 23 avril \u00e0 l\u2019initiative du Portugal et de la Banque europ\u00e9enne d\u2019investissement que le continent africain offrait de vastes opportunit\u00e9s en termes de croissance verte.<\/p>\n<div class=\"code-block code-block-1 c4\">\n <ins class=\"adsbygoogle c3\" data-ad-layout=\"in-article\" data-ad-format=\"fluid\" data-ad-client=\"ca-pub-2102118777505746\" data-ad-slot=\"7301775417\"\/>\n<\/div>\n<p>D\u2019apr\u00e8s le pr\u00e9sident de la BAD, l\u2019Afrique est un march\u00e9 \u00e9norme qui offre des possibilit\u00e9s incroyables, de ce fait le processus de reprise \u00e9conomique offre de vastes possibilit\u00e9s et la reprise doit \u00eatre verte, elle doit stimuler et renforcer la r\u00e9silience au changement climatique et les investissements verts.<\/p>\n<p>Ce forum organis\u00e9 en visioconf\u00e9rence par le Portugal et la Banque europ\u00e9enne d\u2019investissement visait \u00e0 mobiliser des capitaux priv\u00e9s et publics en faveur de la transition verte en Afrique. Il a r\u00e9uni des responsables gouvernementaux, des acteurs du secteur priv\u00e9 et des repr\u00e9sentants d\u2019institutions financi\u00e8res internationales et de d\u00e9veloppement, de la soci\u00e9t\u00e9 civile et du monde universitaire.<\/p>\n<p>Dans une allocution pr\u00e9enregistr\u00e9e, le pr\u00e9sident de la Banque africaine de d\u00e9veloppement a cit\u00e9 l\u2019\u00e9nergie, l\u2019agriculture et les infrastructures comme domaines cl\u00e9s pr\u00e9sentant des possibilit\u00e9s d\u2019investissement dans le cadre d\u2019un rel\u00e8vement post-Covid-19 en Afrique.<\/p>\n<p>\u00ab Avec d\u2019abondantes ressources en \u00e9nergie solaire, \u00e9olienne, hydraulique et g\u00e9othermique \u00bb, la transition \u00e9nerg\u00e9tique de l\u2019Afrique pr\u00e9sente, \u00e0 elle seule, un potentiel d\u2019investissement de 100 milliards de dollars am\u00e9ricains par an, a soulign\u00e9 Akinwumi A. Adesina.<\/p>\n<p>L\u2019agriculture offre des possibilit\u00e9s d\u2019investissements consid\u00e9rables dans des cultures adapt\u00e9es au changement climatique permettant de b\u00e2tir des syst\u00e8mes alimentaires plus r\u00e9silients, a assur\u00e9 le responsable de l\u2019institution financi\u00e8re tout en pr\u00e9cisant que les infrastructures r\u00e9silientes au changement climatique offrent un potentiel d\u2019investissement compris entre 130 et 170 milliards de dollars.<\/p>\n<div class=\"swp_social_panel swp_horizontal_panel swp_flat_fresh swp_default_full_color swp_individual_full_color swp_other_full_color scale-100 scale-\" data-min-width=\"1100\" data-float-color=\"#ffffff\" data-float=\"bottom\" data-float-mobile=\"bottom\" data-transition=\"slide\">\n<div class=\"nc_tweetContainer swp_share_button total_shares total_sharesalt\"><span class=\"swp_count\">0 <span class=\"swp_label\">Partages<\/span><\/span><\/div>\n<\/div>\n<p><strong>Que se passe-t-il en Tunisie?<\/strong><br \/>Nous expliquons sur notre <a href=\"https:\/\/www.youtube.com\/channel\/UCRzypVq0B_yBad5eGrwBx0Q?sub_confirmation=1\" target=\"_blank\" rel=\"noopener\">cha\u00eene YouTube<\/a> . <a href=\"https:\/\/www.youtube.com\/channel\/UCRzypVq0B_yBad5eGrwBx0Q?sub_confirmation=1\" target=\"_blank\" rel=\"noopener\">Abonnez-vous!<\/a><\/p>\n<div class=\"mvp-org-wrap\" itemprop=\"publisher\">\n<div class=\"mvp-org-logo\" itemprop=\"logo\"><img decoding=\"async\" src=\"https:\/\/www.tunisienumerique.com\/wp-content\/uploads\/2017\/02\/logo_tunisie_numerique.png\"\/><br \/>\n<meta itemprop=\"url\" content=\"https:\/\/www.tunisienumerique.com\/wp-content\/uploads\/2017\/02\/logo_tunisie_numerique.png\"\/><\/div>\n<p><meta content=\"Tunisie\"\/><\/div>\n<div class=\"post-tags\"><span class=\"post-tags-header\">Sujets Connexes:<\/span><\/div>\n<div id=\"article-ad\">\n <ins class=\"adsbygoogle c5\" data-ad-client=\"ca-pub-2102118777505746\" data-ad-slot=\"6513972734\" data-ad-format=\"auto\" data-full-width-responsive=\"true\"\/>\n<\/div>\n<\/div>\n<div id=\"post-sidebar-wrap\">\n <ins class=\"adsbygoogle c5\" data-ad-client=\"ca-pub-2102118777505746\" data-ad-slot=\"6168283410\" data-ad-format=\"auto\" data-full-width-responsive=\"true\"\/>\n<\/div>\n<p>Auteur: Mohamed Ben Abderrazek<br \/>\n<a href=\"https:\/\/www.tunisienumerique.com\/la-banque-africaine-de-developpement-plaide-pour-linvestissement-vert\/\">Cliquez ici pour lire l&rsquo;article depuis sa source.<\/a><\/p>\n","protected":false},"excerpt":{"rendered":"<p>Par Mohamed Ben Abderrazek \u00a0| Il y a 1 minute \ud83d\udd0a \u00c9coutez l&rsquo;article Le pr\u00e9sident de la Banque africaine de d\u00e9veloppement (BAD), Akinwumi A. Adesina, a d\u00e9clar\u00e9 lors du Forum Union europ\u00e9enne-Afrique sur les investissements verts organis\u00e9 le 23 avril \u00e0 l\u2019initiative du Portugal et de la Banque europ\u00e9enne d\u2019investissement que le continent africain offrait [&hellip;]<\/p>\n","protected":false},"author":1789,"featured_media":0,"comment_status":"closed","ping_status":"closed","sticky":false,"template":"","format":"standard","meta":{"fifu_image_url":"https:\/\/secure.gravatar.com\/avatar\/b658f27b24160a89d557421a966e5ca1?s=50&d=mm&r=g","fifu_image_alt":"La Banque africaine de d\u00e9veloppement plaide pour l\u2019investissement vert","footnotes":""},"categories":[73,55],"tags":[],"class_list":["post-115782","post","type-post","status-publish","format-standard","hentry","category-actualite","category-tunisie"],"_links":{"self":[{"href":"https:\/\/linitiative.ca\/International\/wp-json\/wp\/v2\/posts\/115782","targetHints":{"allow":["GET"]}}],"collection":[{"href":"https:\/\/linitiative.ca\/International\/wp-json\/wp\/v2\/posts"}],"about":[{"href":"https:\/\/linitiative.ca\/International\/wp-json\/wp\/v2\/types\/post"}],"author":[{"embeddable":true,"href":"https:\/\/linitiative.ca\/International\/wp-json\/wp\/v2\/users\/1789"}],"replies":[{"embeddable":true,"href":"https:\/\/linitiative.ca\/International\/wp-json\/wp\/v2\/comments?post=115782"}],"version-history":[{"count":0,"href":"https:\/\/linitiative.ca\/International\/wp-json\/wp\/v2\/posts\/115782\/revisions"}],"wp:attachment":[{"href":"https:\/\/linitiative.ca\/International\/wp-json\/wp\/v2\/media?parent=115782"}],"wp:term":[{"taxonomy":"category","embeddable":true,"href":"https:\/\/linitiative.ca\/International\/wp-json\/wp\/v2\/categories?post=115782"},{"taxonomy":"post_tag","embeddable":true,"href":"https:\/\/linitiative.ca\/International\/wp-json\/wp\/v2\/tags?post=115782"}],"curies":[{"name":"wp","href":"https:\/\/api.w.org\/{rel}","templated":true}]}}