{"id":115783,"date":"2021-04-28T16:50:47","date_gmt":"2021-04-28T20:50:47","guid":{"rendered":"https:\/\/linitiative.ca\/International\/tunisie-pour-ceux-qui-ne-voient-pas-a-quoi-correspondent-119-deces-par-jour\/"},"modified":"2021-04-28T16:50:47","modified_gmt":"2021-04-28T20:50:47","slug":"tunisie-pour-ceux-qui-ne-voient-pas-a-quoi-correspondent-119-deces-par-jour","status":"publish","type":"post","link":"https:\/\/linitiative.ca\/International\/tunisie-pour-ceux-qui-ne-voient-pas-a-quoi-correspondent-119-deces-par-jour\/","title":{"rendered":"Tunisie \u2013 Pour ceux qui ne voient pas \u00e0 quoi correspondent 119 d\u00e9c\u00e8s par jour\u00a0!"},"content":{"rendered":"<div class=\"post-cont-in left relative\">\n<div id=\"post-info-wrap\" class=\"left relative post-info-out\">\n<div class=\"post-info-img left relative\"><img decoding=\"async\" alt=\"\" src=\"https:\/\/secure.gravatar.com\/avatar\/047123be9d5e8513774383916ee72db2?s=50&amp;d=mm&amp;r=g\" srcset=\"https:\/\/secure.gravatar.com\/avatar\/047123be9d5e8513774383916ee72db2?s=100&amp;d=mm&amp;r=g 2x\" class=\"avatar avatar-50 photo\" height=\"50\" width=\"50\" loading=\"lazy\"\/><\/div>\n<div class=\"post-info-in\">\n<div class=\"post-info-right left relative post-info-name left relative\"><span><span class=\"post-info-text\">Par<\/span> <span class=\"author-name vcard fn author\"><a href=\"https:\/\/www.tunisienumerique.com\/author\/lm\/\" title=\"Articles par LM\" rel=\"author\">LM<\/a><\/span><\/span> <span class=\"post-date updated\"><time class=\"post-date updated\" datetime=\"2021-04-28\">\u00a0| Il y a 10 secondes<\/time><\/span><br \/>\n<meta itemprop=\"dateModified\" content=\"2021-04-28\"\/><\/div>\n<div class=\"left relative\"><button id=\"listenButton1\" class=\"responsivevoice-button\" type=\"button\" value=\"Play\" title=\"\u00c9coutez l'article\"><span>\ud83d\udd0a \u00c9coutez l&rsquo;article<\/span><\/button>\n<\/div>\n<\/div>\n<\/div>\n<p>Les chiffres tombent chaque soir, annonc\u00e9s de fa\u00e7on laconique, sans aucun commentaire, par le minist\u00e8re de la sant\u00e9.<\/p>\n<div class=\"code-block code-block-1 c4\">\n <ins class=\"adsbygoogle c3\" data-ad-layout=\"in-article\" data-ad-format=\"fluid\" data-ad-client=\"ca-pub-2102118777505746\" data-ad-slot=\"7301775417\"\/>\n<\/div>\n<p>Une fa\u00e7on de communiquer qui a tendance \u00e0 banaliser le drame et donner une autre dimension de la relation du tunisien \u00e0 la mort.<\/p>\n<p>Pourtant, les derniers chiffres annonc\u00e9s ce soir, par le minist\u00e8re de la sant\u00e9, m\u00e9ritent, tout de m\u00eame, qu\u2019on s\u2019y arr\u00eate un peu. Notamment le chiffre de 119 morts par jour.<\/p>\n<p>Pour ceux qui ne voient pas ce que veut dire ce chiffre, ou qui n\u2019arrivent pas \u00e0 prendre la mesure du d\u00e9sastre, il suffit de dire que ce chiffre correspond, tout simplement, qu\u2019en Tunisie, on d\u00e9plore un d\u00e9c\u00e8s au covid toutes les douze minutes. C\u2019est-\u00e0-dire que toutes les douze minutes, il y a un tunisien qui d\u00e9c\u00e8de, quelque part dans le pays, des suites de ce satan\u00e9 virus. Et encore, l\u00e0 on est en train de parler des chiffres officiels des morts dont la cause a \u00e9t\u00e9 formellement identifi\u00e9e comme \u00e9tant le covid. Et onn doit, tr\u00e8s certainement, passer \u00e0 c\u00f4t\u00e9 de dizaines d\u2019autres d\u00e9c\u00e8s par jour, qui sont imput\u00e9s \u00e0 d\u2019autres pathologies, notamment les maladies chroniques, sans qu\u2019on ait eu \u00e0 l\u2019esprit de v\u00e9rifier si ces malades n\u2019ont pas \u00e9t\u00e9 d\u00e9s\u00e9quilibr\u00e9s st d\u00e9compens\u00e9s par le covid.<\/p>\n<p>Toujours est-il, que rien qu\u2019avec ces chiffres, on en est \u00e0 un mort toutes les douze minutes, et chaque tunisien apprend chaque jour, et rien que dans son entourage imm\u00e9diat, le d\u00e9c\u00e8s d\u2019au moins une personne.<\/p>\n<div class=\"swp_social_panel swp_horizontal_panel swp_flat_fresh swp_default_full_color swp_individual_full_color swp_other_full_color scale-100 scale-\" data-min-width=\"1100\" data-float-color=\"#ffffff\" data-float=\"bottom\" data-float-mobile=\"bottom\" data-transition=\"slide\">\n<div class=\"nc_tweetContainer swp_share_button total_shares total_sharesalt\"><span class=\"swp_count\">0 <span class=\"swp_label\">Partages<\/span><\/span><\/div>\n<\/div>\n<p><strong>Que se passe-t-il en Tunisie?<\/strong><br \/>Nous expliquons sur notre <a href=\"https:\/\/www.youtube.com\/channel\/UCRzypVq0B_yBad5eGrwBx0Q?sub_confirmation=1\" target=\"_blank\" rel=\"noopener\">cha\u00eene YouTube<\/a> . <a href=\"https:\/\/www.youtube.com\/channel\/UCRzypVq0B_yBad5eGrwBx0Q?sub_confirmation=1\" target=\"_blank\" rel=\"noopener\">Abonnez-vous!<\/a><\/p>\n<div class=\"mvp-org-wrap\" itemprop=\"publisher\">\n<div class=\"mvp-org-logo\" itemprop=\"logo\"><img decoding=\"async\" src=\"https:\/\/www.tunisienumerique.com\/wp-content\/uploads\/2017\/02\/logo_tunisie_numerique.png\"\/><br \/>\n<meta itemprop=\"url\" content=\"https:\/\/www.tunisienumerique.com\/wp-content\/uploads\/2017\/02\/logo_tunisie_numerique.png\"\/><\/div>\n<p><meta content=\"Tunisie\"\/><\/div>\n<div class=\"mvp-related-posts left relative\">\n<h4 class=\"post-header\"><span class=\"post-header\">Lire aussi<\/span><\/h4>\n<\/div>\n<div id=\"article-ad\">\n <ins class=\"adsbygoogle c5\" data-ad-client=\"ca-pub-2102118777505746\" data-ad-slot=\"6513972734\" data-ad-format=\"auto\" data-full-width-responsive=\"true\"\/>\n<\/div>\n<\/div>\n<div id=\"post-sidebar-wrap\">\n <ins class=\"adsbygoogle c5\" data-ad-client=\"ca-pub-2102118777505746\" data-ad-slot=\"6168283410\" data-ad-format=\"auto\" data-full-width-responsive=\"true\"\/>\n<\/div>\n<p>Auteur: LM<br \/>\n<a href=\"https:\/\/www.tunisienumerique.com\/tunisie-pour-ceux-qui-ne-voient-pas-a-quoi-correspondent-119-deces-par-jour\/\">Cliquez ici pour lire l&rsquo;article depuis sa source.<\/a><\/p>\n","protected":false},"excerpt":{"rendered":"<p>Par LM \u00a0| Il y a 10 secondes \ud83d\udd0a \u00c9coutez l&rsquo;article Les chiffres tombent chaque soir, annonc\u00e9s de fa\u00e7on laconique, sans aucun commentaire, par le minist\u00e8re de la sant\u00e9. Une fa\u00e7on de communiquer qui a tendance \u00e0 banaliser le drame et donner une autre dimension de la relation du tunisien \u00e0 la mort. Pourtant, les [&hellip;]<\/p>\n","protected":false},"author":1789,"featured_media":0,"comment_status":"closed","ping_status":"closed","sticky":false,"template":"","format":"standard","meta":{"fifu_image_url":"https:\/\/secure.gravatar.com\/avatar\/047123be9d5e8513774383916ee72db2?s=50&d=mm&r=g","fifu_image_alt":"Tunisie \u2013 Pour ceux qui ne voient pas \u00e0 quoi correspondent 119 d\u00e9c\u00e8s par jour\u00a0!","footnotes":""},"categories":[73,55],"tags":[],"class_list":["post-115783","post","type-post","status-publish","format-standard","hentry","category-actualite","category-tunisie"],"_links":{"self":[{"href":"https:\/\/linitiative.ca\/International\/wp-json\/wp\/v2\/posts\/115783","targetHints":{"allow":["GET"]}}],"collection":[{"href":"https:\/\/linitiative.ca\/International\/wp-json\/wp\/v2\/posts"}],"about":[{"href":"https:\/\/linitiative.ca\/International\/wp-json\/wp\/v2\/types\/post"}],"author":[{"embeddable":true,"href":"https:\/\/linitiative.ca\/International\/wp-json\/wp\/v2\/users\/1789"}],"replies":[{"embeddable":true,"href":"https:\/\/linitiative.ca\/International\/wp-json\/wp\/v2\/comments?post=115783"}],"version-history":[{"count":0,"href":"https:\/\/linitiative.ca\/International\/wp-json\/wp\/v2\/posts\/115783\/revisions"}],"wp:attachment":[{"href":"https:\/\/linitiative.ca\/International\/wp-json\/wp\/v2\/media?parent=115783"}],"wp:term":[{"taxonomy":"category","embeddable":true,"href":"https:\/\/linitiative.ca\/International\/wp-json\/wp\/v2\/categories?post=115783"},{"taxonomy":"post_tag","embeddable":true,"href":"https:\/\/linitiative.ca\/International\/wp-json\/wp\/v2\/tags?post=115783"}],"curies":[{"name":"wp","href":"https:\/\/api.w.org\/{rel}","templated":true}]}}