{"id":115785,"date":"2021-04-28T17:16:40","date_gmt":"2021-04-28T21:16:40","guid":{"rendered":"https:\/\/linitiative.ca\/International\/tunisie-photo-le-ministre-de-lagriculture-par-interim-recoit-une-delegation-de-medecins-du-monde-belgique\/"},"modified":"2021-04-28T17:16:40","modified_gmt":"2021-04-28T21:16:40","slug":"tunisie-photo-le-ministre-de-lagriculture-par-interim-recoit-une-delegation-de-medecins-du-monde-belgique","status":"publish","type":"post","link":"https:\/\/linitiative.ca\/International\/tunisie-photo-le-ministre-de-lagriculture-par-interim-recoit-une-delegation-de-medecins-du-monde-belgique\/","title":{"rendered":"Tunisie [PHOTO] : Le Ministre de l\u2019Agriculture par int\u00e9rim re\u00e7oit une d\u00e9l\u00e9gation de M\u00e9decins du Monde Belgique"},"content":{"rendered":"<div class=\"post-cont-in left relative\">\n<div id=\"post-info-wrap\" class=\"left relative post-info-out\">\n<div class=\"post-info-img left relative\"><img decoding=\"async\" alt=\"\" src=\"https:\/\/secure.gravatar.com\/avatar\/ea481d7287ad38ca1787f44b5bb1b70e?s=50&amp;d=mm&amp;r=g\" srcset=\"https:\/\/secure.gravatar.com\/avatar\/ea481d7287ad38ca1787f44b5bb1b70e?s=100&amp;d=mm&amp;r=g 2x\" class=\"avatar avatar-50 photo\" height=\"50\" width=\"50\" loading=\"lazy\"\/><\/div>\n<div class=\"post-info-in\">\n<div class=\"post-info-right left relative post-info-name left relative\"><span><span class=\"post-info-text\">Par<\/span> <span class=\"author-name vcard fn author\"><a href=\"https:\/\/www.tunisienumerique.com\/author\/rania-ben-slimane\/\" title=\"Articles par rania ben slimane\" rel=\"author\">rania ben slimane<\/a><\/span><\/span> <span class=\"post-date updated\"><time class=\"post-date updated\" datetime=\"2021-04-28\">\u00a0| Il y a 37 secondes<\/time><\/span><br \/>\n<meta itemprop=\"dateModified\" content=\"2021-04-28\"\/><\/div>\n<div class=\"left relative\"><button id=\"listenButton1\" class=\"responsivevoice-button\" type=\"button\" value=\"Play\" title=\"\u00c9coutez l'article\"><span>\ud83d\udd0a \u00c9coutez l&rsquo;article<\/span><\/button>\n<\/div>\n<\/div>\n<\/div>\n<p>Le mardi 27 avril 2021, le Ministre par int\u00e9rim de l\u2019Agriculture, des Ressources Hydrauliques et de la P\u00eache Maritime, Mohamed Fadhel Kraiem a tenu une s\u00e9ance de travail avec une d\u00e9l\u00e9gation de l\u2019Organisation de M\u00e9decins du Monde Belgique, dirig\u00e9e par la coordinatrice g\u00e9n\u00e9rale de l\u2019organisation en Tunisie, Madame Christelle L\u00e9on.<\/p>\n<div class=\"code-block code-block-1 c4\">\n <ins class=\"adsbygoogle c3\" data-ad-layout=\"in-article\" data-ad-format=\"fluid\" data-ad-client=\"ca-pub-2102118777505746\" data-ad-slot=\"7301775417\"\/>\n<\/div>\n<p>La r\u00e9union a port\u00e9 sur les moyens de soutenir la coop\u00e9ration bilat\u00e9rale entre la Tunisie et l\u2019Union Europ\u00e9enne pour r\u00e9duire le risque d\u2019infection communautaire par la Covid-19 dans les \u00e9tablissements d\u2019enseignement, \u00e0 travers la mise en \u0153uvre du programme \u201cLa sant\u00e9 de nos Enfants\u201d supervis\u00e9 par le minist\u00e8re de l\u2019\u00c9ducation.<\/p>\n<p>En effet, ce programme vise \u00e0 fournir de l\u2019eau potable \u00e0 200 \u00e9coles primaires, pour un co\u00fbt total estim\u00e9 \u00e0 1,8 million d\u2019euros.<\/p>\n<p>Il convient de noter que ces \u00e9coles sont r\u00e9parties sur 7 gouvernorats : Jendouba, Le Kef, Siliana, Kasserine, Sidi Bouzid, Gafsa et Gabes.<\/p>\n<p>La r\u00e9union a \u00e9galement port\u00e9 sur le renforcement de la coop\u00e9ration entre le Minist\u00e8re de l\u2019Agriculture, des Ressources Hydrauliques et de la P\u00eache Maritime et l\u2019Organisation de M\u00e9decins du Monde Belgique dans le domaine de la couverture sociale des ouvri\u00e8res agricoles et de la cr\u00e9ation d\u2019emplois pour les femmes dans le secteur agricole.<\/p>\n<p><img decoding=\"async\" loading=\"lazy\" class=\"size-full wp-image-657468 aligncenter\" src=\"https:\/\/www.tunisienumerique.com\/wp-content\/uploads\/2021\/04\/mohamed-fadhel-kraiem-et-delegation-medecins-du-monde-belgique.jpg\" alt=\"\" width=\"600\" height=\"334\"\/><\/p>\n<div class=\"swp_social_panel swp_horizontal_panel swp_flat_fresh swp_default_full_color swp_individual_full_color swp_other_full_color scale-100 scale-\" data-min-width=\"1100\" data-float-color=\"#ffffff\" data-float=\"bottom\" data-float-mobile=\"bottom\" data-transition=\"slide\">\n<div class=\"nc_tweetContainer swp_share_button total_shares total_sharesalt\"><span class=\"swp_count\">0 <span class=\"swp_label\">Partages<\/span><\/span><\/div>\n<\/div>\n<p><strong>Que se passe-t-il en Tunisie?<\/strong><br \/>Nous expliquons sur notre <a href=\"https:\/\/www.youtube.com\/channel\/UCRzypVq0B_yBad5eGrwBx0Q?sub_confirmation=1\" target=\"_blank\" rel=\"noopener\">cha\u00eene YouTube<\/a> . <a href=\"https:\/\/www.youtube.com\/channel\/UCRzypVq0B_yBad5eGrwBx0Q?sub_confirmation=1\" target=\"_blank\" rel=\"noopener\">Abonnez-vous!<\/a><\/p>\n<div class=\"mvp-org-wrap\" itemprop=\"publisher\">\n<div class=\"mvp-org-logo\" itemprop=\"logo\"><img decoding=\"async\" src=\"https:\/\/www.tunisienumerique.com\/wp-content\/uploads\/2017\/02\/logo_tunisie_numerique.png\"\/><br \/>\n<meta itemprop=\"url\" content=\"https:\/\/www.tunisienumerique.com\/wp-content\/uploads\/2017\/02\/logo_tunisie_numerique.png\"\/><\/div>\n<p><meta content=\"Tunisie\"\/><\/div>\n<div class=\"mvp-related-posts left relative\">\n<h4 class=\"post-header\"><span class=\"post-header\">Lire aussi<\/span><\/h4>\n<\/div>\n<div id=\"article-ad\">\n <ins class=\"adsbygoogle c5\" data-ad-client=\"ca-pub-2102118777505746\" data-ad-slot=\"6513972734\" data-ad-format=\"auto\" data-full-width-responsive=\"true\"\/>\n<\/div>\n<\/div>\n<div id=\"post-sidebar-wrap\">\n <ins class=\"adsbygoogle c5\" data-ad-client=\"ca-pub-2102118777505746\" data-ad-slot=\"6168283410\" data-ad-format=\"auto\" data-full-width-responsive=\"true\"\/>\n<\/div>\n<p>Auteur: rania ben slimane<br \/>\n<a href=\"https:\/\/www.tunisienumerique.com\/tunisie-photo-le-ministre-de-lagriculture-par-interim-recoit-une-delegation-de-medecins-du-monde-belgique\/\">Cliquez ici pour lire l&rsquo;article depuis sa source.<\/a><\/p>\n","protected":false},"excerpt":{"rendered":"<p>Par rania ben slimane \u00a0| Il y a 37 secondes \ud83d\udd0a \u00c9coutez l&rsquo;article Le mardi 27 avril 2021, le Ministre par int\u00e9rim de l\u2019Agriculture, des Ressources Hydrauliques et de la P\u00eache Maritime, Mohamed Fadhel Kraiem a tenu une s\u00e9ance de travail avec une d\u00e9l\u00e9gation de l\u2019Organisation de M\u00e9decins du Monde Belgique, dirig\u00e9e par la coordinatrice [&hellip;]<\/p>\n","protected":false},"author":1789,"featured_media":0,"comment_status":"closed","ping_status":"closed","sticky":false,"template":"","format":"standard","meta":{"fifu_image_url":"https:\/\/secure.gravatar.com\/avatar\/ea481d7287ad38ca1787f44b5bb1b70e?s=50&d=mm&r=g","fifu_image_alt":"Tunisie [PHOTO] : Le Ministre de l\u2019Agriculture par int\u00e9rim re\u00e7oit une d\u00e9l\u00e9gation de M\u00e9decins du Monde Belgique","footnotes":""},"categories":[73,55],"tags":[],"class_list":["post-115785","post","type-post","status-publish","format-standard","hentry","category-actualite","category-tunisie"],"_links":{"self":[{"href":"https:\/\/linitiative.ca\/International\/wp-json\/wp\/v2\/posts\/115785","targetHints":{"allow":["GET"]}}],"collection":[{"href":"https:\/\/linitiative.ca\/International\/wp-json\/wp\/v2\/posts"}],"about":[{"href":"https:\/\/linitiative.ca\/International\/wp-json\/wp\/v2\/types\/post"}],"author":[{"embeddable":true,"href":"https:\/\/linitiative.ca\/International\/wp-json\/wp\/v2\/users\/1789"}],"replies":[{"embeddable":true,"href":"https:\/\/linitiative.ca\/International\/wp-json\/wp\/v2\/comments?post=115785"}],"version-history":[{"count":0,"href":"https:\/\/linitiative.ca\/International\/wp-json\/wp\/v2\/posts\/115785\/revisions"}],"wp:attachment":[{"href":"https:\/\/linitiative.ca\/International\/wp-json\/wp\/v2\/media?parent=115785"}],"wp:term":[{"taxonomy":"category","embeddable":true,"href":"https:\/\/linitiative.ca\/International\/wp-json\/wp\/v2\/categories?post=115785"},{"taxonomy":"post_tag","embeddable":true,"href":"https:\/\/linitiative.ca\/International\/wp-json\/wp\/v2\/tags?post=115785"}],"curies":[{"name":"wp","href":"https:\/\/api.w.org\/{rel}","templated":true}]}}