{"id":115786,"date":"2021-04-28T17:19:20","date_gmt":"2021-04-28T21:19:20","guid":{"rendered":"https:\/\/linitiative.ca\/International\/tunisie-toujours-des-demi-mesures-et-toujours-la-faute-au-citoyen\/"},"modified":"2021-04-28T17:19:20","modified_gmt":"2021-04-28T21:19:20","slug":"tunisie-toujours-des-demi-mesures-et-toujours-la-faute-au-citoyen","status":"publish","type":"post","link":"https:\/\/linitiative.ca\/International\/tunisie-toujours-des-demi-mesures-et-toujours-la-faute-au-citoyen\/","title":{"rendered":"Tunisie \u2013 Toujours des demi-mesures et toujours la faute au citoyen\u00a0!"},"content":{"rendered":"<div class=\"post-cont-in left relative\">\n<div id=\"post-info-wrap\" class=\"left relative post-info-out\">\n<div class=\"post-info-img left relative\"><img decoding=\"async\" alt=\"\" src=\"https:\/\/secure.gravatar.com\/avatar\/96253f4a657b482a18e837c1252096c2?s=50&amp;d=mm&amp;r=g\" srcset=\"https:\/\/secure.gravatar.com\/avatar\/96253f4a657b482a18e837c1252096c2?s=100&amp;d=mm&amp;r=g 2x\" class=\"avatar avatar-50 photo\" height=\"50\" width=\"50\" loading=\"lazy\"\/><\/div>\n<div class=\"post-info-in\">\n<div class=\"post-info-right left relative post-info-name left relative\"><span><span class=\"post-info-text\">Par<\/span> <span class=\"author-name vcard fn author\"><a href=\"https:\/\/www.tunisienumerique.com\/author\/saber\/\" title=\"Articles par Saber .\" rel=\"author\">Saber .<\/a><\/span><\/span> <span class=\"post-date updated\"><time class=\"post-date updated\" datetime=\"2021-04-28\">\u00a0| Il y a 1 minute<\/time><\/span><br \/>\n<meta itemprop=\"dateModified\" content=\"2021-04-28\"\/><\/div>\n<div class=\"left relative\"><button id=\"listenButton1\" class=\"responsivevoice-button\" type=\"button\" value=\"Play\" title=\"\u00c9coutez l'article\"><span>\ud83d\udd0a \u00c9coutez l&rsquo;article<\/span><\/button>\n<\/div>\n<\/div>\n<\/div>\n<p>La tr\u00e8s comp\u00e9tente directrice g\u00e9n\u00e9rale de l\u2019observatoire des maladies nouvelles et \u00e9mergentes, Nissaf Ben Alaya, s\u2019est adress\u00e9e, ce jour, \u00e0 la presse, pour d\u00e9tailler les mesures anti covid, prises par le comit\u00e9 national de lutte contre la maladie.<\/p>\n<div class=\"code-block code-block-1 c4\">\n <ins class=\"adsbygoogle c3\" data-ad-layout=\"in-article\" data-ad-format=\"fluid\" data-ad-client=\"ca-pub-2102118777505746\" data-ad-slot=\"7301775417\"\/>\n<\/div>\n<p>Elle a tenu, dans son discours, a rappeler que tout ce qui se passe et tous les d\u00e9g\u00e2ts dont de la faute du citoyen, sur lequel ils ont pris l\u2019habitude de d\u00e9charger leur incomp\u00e9tence et leurs \u00e9checs. Quant \u00e0 eux, les lumi\u00e8res de la science et de la sant\u00e9, ils n\u2019ont rien \u00e0 se reprocher. Ils ne se reprochent, notamment, pas d\u2019avoir, un moment, ouvert les fronti\u00e8res du pays devant les malades du monde entier, ni d\u2019avoir trop tard\u00e9 \u00e0 prendre en charge les malades, en tout misant sur les r\u00e9pondeurs du SAMU, qui n\u2019ont pas pu r\u00e9pondre au flux des appels \u00e0 l\u2019aide, ce qui a, consid\u00e9rablement, diff\u00e9r\u00e9 les prises en charges des malades, ni d\u2019avoir trop tard\u00e9 dans l\u2019acquisition des vaccins, et dans leur distribution sur les citoyens.<\/p>\n<p>En bref, on ose se pr\u00e9senter devant le tunisien pour lui affirmer qu\u2019il est la cause de tous les malheurs du pays, et qu\u2019il est en train de d\u00e9truire l\u2019excellent travail des lumi\u00e8res du minist\u00e8re de la sant\u00e9. Alors qu\u2019en r\u00e9alit\u00e9, s\u2019ils avaient, eux, fait leur travail comme il se devait, on aurait \u00e9t\u00e9 dans une bien meilleure situation\u2026 On aurait pu \u00eatre comme nos fr\u00e8res marocains, par exemple.<\/p>\n<p>Et, d\u2019un autre c\u00f4t\u00e9, on n\u2019a eu droit, comme d\u2019habitude, qu\u2019\u00e0 des demi-mesures et des d\u00e9cisions bien cibl\u00e9es pour ne pas s\u2019approcher des int\u00e9r\u00eats de certaines corporations.<\/p>\n<p>Il n\u2019a, par exemple pas \u00e9t\u00e9 question de fermer les fronti\u00e8res, malgr\u00e9 le p\u00e9ril certain, notamment, avec la d\u00e9tection du, tr\u00e8s m\u00e9chant, variant indien du covid. Comme il n\u2019a pas \u00e9t\u00e9 question d\u2019instaurer le travail des fonctionnaires par groupes, ni, non pus, du retrait des chaises des caf\u00e9s\u2026<\/p>\n<p>On s\u2019est content\u00e9 de reprendre les m\u00eames formules et de repartir pour un autre round, tout en esp\u00e9rant que la nature fera le n\u00e9cessaire, et que l\u2019\u00e9volution normale de la vague de l\u2019\u00e9pid\u00e9mie, va faire qu\u2019elle va finir par s\u2019essouffler\u00a0!<\/p>\n<div class=\"swp_social_panel swp_horizontal_panel swp_flat_fresh swp_default_full_color swp_individual_full_color swp_other_full_color scale-100 scale-\" data-min-width=\"1100\" data-float-color=\"#ffffff\" data-float=\"bottom\" data-float-mobile=\"bottom\" data-transition=\"slide\">\n<div class=\"nc_tweetContainer swp_share_button total_shares total_sharesalt\"><span class=\"swp_count\">0 <span class=\"swp_label\">Partages<\/span><\/span><\/div>\n<\/div>\n<p><strong>Que se passe-t-il en Tunisie?<\/strong><br \/>Nous expliquons sur notre <a href=\"https:\/\/www.youtube.com\/channel\/UCRzypVq0B_yBad5eGrwBx0Q?sub_confirmation=1\" target=\"_blank\" rel=\"noopener\">cha\u00eene YouTube<\/a> . <a href=\"https:\/\/www.youtube.com\/channel\/UCRzypVq0B_yBad5eGrwBx0Q?sub_confirmation=1\" target=\"_blank\" rel=\"noopener\">Abonnez-vous!<\/a><\/p>\n<div class=\"mvp-org-wrap\" itemprop=\"publisher\">\n<div class=\"mvp-org-logo\" itemprop=\"logo\"><img decoding=\"async\" src=\"https:\/\/www.tunisienumerique.com\/wp-content\/uploads\/2017\/02\/logo_tunisie_numerique.png\"\/><br \/>\n<meta itemprop=\"url\" content=\"https:\/\/www.tunisienumerique.com\/wp-content\/uploads\/2017\/02\/logo_tunisie_numerique.png\"\/><\/div>\n<p><meta content=\"Tunisie\"\/><\/div>\n<div class=\"mvp-related-posts left relative\">\n<h4 class=\"post-header\"><span class=\"post-header\">Lire aussi<\/span><\/h4>\n<\/div>\n<div id=\"article-ad\">\n <ins class=\"adsbygoogle c5\" data-ad-client=\"ca-pub-2102118777505746\" data-ad-slot=\"6513972734\" data-ad-format=\"auto\" data-full-width-responsive=\"true\"\/>\n<\/div>\n<\/div>\n<div id=\"post-sidebar-wrap\">\n <ins class=\"adsbygoogle c5\" data-ad-client=\"ca-pub-2102118777505746\" data-ad-slot=\"6168283410\" data-ad-format=\"auto\" data-full-width-responsive=\"true\"\/>\n<\/div>\n<p>Auteur: Saber .<br \/>\n<a href=\"https:\/\/www.tunisienumerique.com\/tunisie-toujours-des-demi-mesures-et-toujours-la-faute-au-citoyen\/\">Cliquez ici pour lire l&rsquo;article depuis sa source.<\/a><\/p>\n","protected":false},"excerpt":{"rendered":"<p>Par Saber . \u00a0| Il y a 1 minute \ud83d\udd0a \u00c9coutez l&rsquo;article La tr\u00e8s comp\u00e9tente directrice g\u00e9n\u00e9rale de l\u2019observatoire des maladies nouvelles et \u00e9mergentes, Nissaf Ben Alaya, s\u2019est adress\u00e9e, ce jour, \u00e0 la presse, pour d\u00e9tailler les mesures anti covid, prises par le comit\u00e9 national de lutte contre la maladie. Elle a tenu, dans son [&hellip;]<\/p>\n","protected":false},"author":1789,"featured_media":0,"comment_status":"closed","ping_status":"closed","sticky":false,"template":"","format":"standard","meta":{"fifu_image_url":"https:\/\/secure.gravatar.com\/avatar\/96253f4a657b482a18e837c1252096c2?s=50&d=mm&r=g","fifu_image_alt":"Tunisie \u2013 Toujours des demi-mesures et toujours la faute au citoyen\u00a0!","footnotes":""},"categories":[73,55],"tags":[],"class_list":["post-115786","post","type-post","status-publish","format-standard","hentry","category-actualite","category-tunisie"],"_links":{"self":[{"href":"https:\/\/linitiative.ca\/International\/wp-json\/wp\/v2\/posts\/115786","targetHints":{"allow":["GET"]}}],"collection":[{"href":"https:\/\/linitiative.ca\/International\/wp-json\/wp\/v2\/posts"}],"about":[{"href":"https:\/\/linitiative.ca\/International\/wp-json\/wp\/v2\/types\/post"}],"author":[{"embeddable":true,"href":"https:\/\/linitiative.ca\/International\/wp-json\/wp\/v2\/users\/1789"}],"replies":[{"embeddable":true,"href":"https:\/\/linitiative.ca\/International\/wp-json\/wp\/v2\/comments?post=115786"}],"version-history":[{"count":0,"href":"https:\/\/linitiative.ca\/International\/wp-json\/wp\/v2\/posts\/115786\/revisions"}],"wp:attachment":[{"href":"https:\/\/linitiative.ca\/International\/wp-json\/wp\/v2\/media?parent=115786"}],"wp:term":[{"taxonomy":"category","embeddable":true,"href":"https:\/\/linitiative.ca\/International\/wp-json\/wp\/v2\/categories?post=115786"},{"taxonomy":"post_tag","embeddable":true,"href":"https:\/\/linitiative.ca\/International\/wp-json\/wp\/v2\/tags?post=115786"}],"curies":[{"name":"wp","href":"https:\/\/api.w.org\/{rel}","templated":true}]}}