{"id":115787,"date":"2021-04-28T15:15:58","date_gmt":"2021-04-28T19:15:58","guid":{"rendered":"https:\/\/linitiative.ca\/International\/crise-politique-au-tchad\/"},"modified":"2021-04-28T15:15:58","modified_gmt":"2021-04-28T19:15:58","slug":"crise-politique-au-tchad","status":"publish","type":"post","link":"https:\/\/linitiative.ca\/International\/crise-politique-au-tchad\/","title":{"rendered":"CRISE POLITIQUE AU TCHAD  \u00a0"},"content":{"rendered":"<p class=\"c4\"><em>Plus rien ne semble venir \u00e0 bout de la d\u00e9termination du mouvement de l\u2019opposition tchadienne qui conteste la d\u00e9volution dynastique du pouvoir dans le pays et appelait, pour la journ\u00e9e d\u2019hier, ses militants \u00e0 descendre encore dans la rue. Ni l\u2019interdiction de manifester d\u00e9cid\u00e9e par le Conseil militaire de la transition (CMT) ni m\u00eame les cadavres que l\u2019on a ramass\u00e9s \u00e0 la fin de la premi\u00e8re journ\u00e9e de manifestation, ne semblent \u00e9mousser les ardeurs des leaders de l\u2019opposition qui continuent d\u2019exiger le d\u00e9part des militaires du pouvoir. Et ce n\u2019est certainement pas le changement de ton de la France avec la sortie du pr\u00e9sident Emmanuel Macron qui apporte de l\u2019eau au moulin des contestataires ou encore la prise de position de l\u2019Union africaine, qui fera\u00a0 baisser le mercure du thermom\u00e8tre politique au Tchad. Face \u00e0 cette opposition qui s\u2019est jur\u00e9 d\u2019avoir tout, tout de suite, \u00a0l\u2019on imagine ais\u00e9ment que l\u2019adresse \u00e0 la nation du pr\u00e9sident du CMT apr\u00e8s la journ\u00e9e sanglante du 27 avril 2021, a pris toutes les allures d\u2019un pr\u00eache dans le d\u00e9sert.\u00a0 C\u2019est donc dire que face \u00e0 une arm\u00e9e effarouch\u00e9e par les attaques terroristes et qui est sur le pied de guerre depuis plus d\u2019une d\u00e9cennie, le sang risque encore de couler si la d\u00e9fiance des opposants doit se poursuivre avec les appels \u00e0 manifester.<\/em><\/p>\n<p class=\"c4\"><em>\u00a0<\/em><\/p>\n<p class=\"c4\"><em>\u00a0<\/em><\/p>\n<p class=\"c4\"><em>\u00a0<\/em><\/p>\n<p class=\"c6\"><strong><em>La communaut\u00e9 internationale peut et doit jouer un r\u00f4le de premier plan<\/em><\/strong><\/p>\n<p class=\"c6\"><strong><em>\u00a0<\/em><\/strong><\/p>\n<p class=\"c4\"><em>L\u2019urgence aujourd\u2019hui est d\u2019\u00e9viter \u00e0 tout prix que la situation n\u2019aille de Charybde en Scylla.\u00a0<\/em> <em>Cela dit, la question que l\u2019on peut cependant se poser, est la suivante\u00a0:\u00a0qu\u2019est-ce qui rend impossible \u00a0le fait que les protagonistes de la crise ne puissent s\u2019asseoir autour d\u2019une m\u00eame table pour d\u00e9samorcer la bombe de ce chaos qui menace le Tchad\u00a0? La question n\u2019est pas saugrenue parce qu\u2019\u00e0 \u00e9couter les discours, toutes les parties prenantes \u00e0 la crise semblent vouloir la m\u00eame chose. En effet, alors que les opposants et la communaut\u00e9 internationale r\u00e9clament tous une transition ouverte aux civils, la junte, si l\u2019on se r\u00e9f\u00e8re au discours \u00e0 la nation\u00a0 de son pr\u00e9sident, Mahamat Idriss D\u00e9by, abonde dans le m\u00eame sens, tout en se disant ouverte au dialogue.\u00a0 \u00ab\u00a0Je serai le garant de ce dialogue qui n\u2019\u00e9ludera aucun sujet d\u2019int\u00e9r\u00eat national selon un calendrier pr\u00e9cis que le gouvernement sera appel\u00e9 \u00e0 d\u00e9voiler. Dans les prochains jours et apr\u00e8s les consultations en cours, un Conseil national de Transition, repr\u00e9sentatif de toutes les provinces et de toutes les forces vives de la Nation, sera \u00e9galement mis en place, de fa\u00e7on consensuelle et concert\u00e9e, pour permettre l\u2019accompagnement l\u00e9gislatif de l\u2019action gouvernementale et de donner au pays les bases d\u2019une nouvelle Constitution\u00a0\u00bb. Il y a donc une crise de confiance qu\u2019il faut visiblement d\u00e9nouer. Et c\u2019est l\u00e0 que la communaut\u00e9 internationale peut et doit jouer un r\u00f4le de premier plan en proposant non seulement un m\u00e9canisme pour mettre en confiance les militaires et la classe politique mais aussi pour \u00e9laborer une feuille de route consensuelle avec des proc\u00e9dures claires d\u2019\u00e9valuation. La Communaut\u00e9 \u00e9conomique des Etats de l\u2019Afrique centrale (CEEAC) qui, jusque-l\u00e0, s\u2019est emmur\u00e9e dans un mutisme, \u00e0 la limite incompr\u00e9hensible, se doit de prendre les devants.<\/em><\/p>\n<p class=\"c4\"><em>\u00a0<\/em><\/p>\n<p class=\"c6\"><strong><em>L\u2019effondrement de N\u2019Djamena ouvrirait davantage les portes de l\u2019Afrique subsaharienne aux groupes arm\u00e9s de tout acabit<\/em><\/strong><\/p>\n<p class=\"c4\"><em>\u00a0<\/em><\/p>\n<p class=\"c4\"><em>Car, l\u2019habitude est que l\u2019organisation sous-r\u00e9gionale concern\u00e9e, donne la cadence \u00e0 suivre \u00e0 l\u2019UA et au-del\u00e0, \u00e0 la communaut\u00e9 internationale tout enti\u00e8re. Le cas malien, avec le r\u00f4le pr\u00e9pond\u00e9rant de la Communaut\u00e9 \u00e9conomique des Etats de l\u2019Afrique de l\u2019Ouest (CEDEAO), est l\u00e0 pour nous rappeler l\u2019efficacit\u00e9 que les institutions sous-r\u00e9gionales peuvent jouer en pareilles circonstances. C\u2019est en cela que l\u2019on peut demander au pr\u00e9sident en exercice de l\u2019UA d\u2019aller au-del\u00e0 des d\u00e9clarations de principe faites sur le perron de l\u2019Elys\u00e9e et qui peuvent ressembler \u00e0 des le\u00e7ons prises aupr\u00e8s du grand chef blanc, de demander \u00e0 la CEEAC de proposer des mesures concr\u00e8tes pour sortir le Tchad de la crise.\u00a0<\/em> <em>En tout cas, il est de l\u2019int\u00e9r\u00eat de tous que cette crise politique ne s\u2019enlise pas. Et pour cause. La chienlit ferait l\u2019affaire des terroristes qui se sont d\u2019ailleurs signal\u00e9s, le 27 avril, par une orgie sanglante o\u00f9 l\u2019on d\u00e9plore de nombreux morts dans les rangs des militaires et parmi les civils. Si cette crise militaire devrait se doubler d\u2019une crise \u00e9conomique et sociale en raison des manifs qui peuvent s\u2019installer dans la dur\u00e9e, l\u2019apocalypse tant redout\u00e9e serait v\u00e9ritablement aux portes du Tchad. Or, l\u2019on sait que ce pays constitue un verrou s\u00e9curitaire important non seulement pour l\u2019Afrique centrale mais pour tous les pays de la bande sah\u00e9lo-saharienne en raison de sa puissance militaire. Il faut donc tout faire pour que le Tchad ne soit pas comme la Libye, car l\u2019effondrement de N\u2019Djamena ouvrirait davantage les portes de l\u2019Afrique subsaharienne aux groupes arm\u00e9s de tout acabit. C\u2019est en raison de tout cela que chacun des protagonistes de la crise doit mettre de l\u2019eau dans son vin. A commencer par la junte qui doit absolument arr\u00eater les massacres des civils. Mais les manifestants doivent aussi civiliser leur mouvement car, au nombre des morts de la premi\u00e8re journ\u00e9e de manifs, l\u2019on compte aussi des victimes li\u00e9es \u00e0 la col\u00e8re des insurg\u00e9s. L\u2019on d\u00e9nombre aussi de nombreuses casses et cela est contraire \u00e0 l\u2019Etat de droit qu\u2019ils appellent de tous leurs v\u0153ux.<\/em><\/p>\n<p class=\"c4\"><em>\u00a0<\/em><\/p>\n<p class=\"c6\"><strong><em>\u00ab\u00a0Le Pays\u00a0\u00bb<\/em><\/strong><\/p>\n<p class=\"c4\"><em>\u00a0<\/em><\/p>\n<p>Auteur: Editions LEPAYS<br \/>\n<a href=\"https:\/\/lepays.bf\/crise-politique-au-tchad\/\">Cliquez ici pour lire l&rsquo;article depuis sa source.<\/a><\/p>\n","protected":false},"excerpt":{"rendered":"<p>Plus rien ne semble venir \u00e0 bout de la d\u00e9termination du mouvement de l\u2019opposition tchadienne qui conteste la d\u00e9volution dynastique du pouvoir dans le pays et appelait, pour la journ\u00e9e d\u2019hier, ses militants \u00e0 descendre encore dans la rue. Ni l\u2019interdiction de manifester d\u00e9cid\u00e9e par le Conseil militaire de la transition (CMT) ni m\u00eame les [&hellip;]<\/p>\n","protected":false},"author":1813,"featured_media":0,"comment_status":"closed","ping_status":"closed","sticky":false,"template":"","format":"standard","meta":{"fifu_image_url":"","fifu_image_alt":"","footnotes":""},"categories":[73,81],"tags":[],"class_list":["post-115787","post","type-post","status-publish","format-standard","hentry","category-actualite","category-burkina-faso"],"_links":{"self":[{"href":"https:\/\/linitiative.ca\/International\/wp-json\/wp\/v2\/posts\/115787","targetHints":{"allow":["GET"]}}],"collection":[{"href":"https:\/\/linitiative.ca\/International\/wp-json\/wp\/v2\/posts"}],"about":[{"href":"https:\/\/linitiative.ca\/International\/wp-json\/wp\/v2\/types\/post"}],"author":[{"embeddable":true,"href":"https:\/\/linitiative.ca\/International\/wp-json\/wp\/v2\/users\/1813"}],"replies":[{"embeddable":true,"href":"https:\/\/linitiative.ca\/International\/wp-json\/wp\/v2\/comments?post=115787"}],"version-history":[{"count":0,"href":"https:\/\/linitiative.ca\/International\/wp-json\/wp\/v2\/posts\/115787\/revisions"}],"wp:attachment":[{"href":"https:\/\/linitiative.ca\/International\/wp-json\/wp\/v2\/media?parent=115787"}],"wp:term":[{"taxonomy":"category","embeddable":true,"href":"https:\/\/linitiative.ca\/International\/wp-json\/wp\/v2\/categories?post=115787"},{"taxonomy":"post_tag","embeddable":true,"href":"https:\/\/linitiative.ca\/International\/wp-json\/wp\/v2\/tags?post=115787"}],"curies":[{"name":"wp","href":"https:\/\/api.w.org\/{rel}","templated":true}]}}