{"id":115788,"date":"2021-04-28T15:20:00","date_gmt":"2021-04-28T19:20:00","guid":{"rendered":"https:\/\/linitiative.ca\/International\/extradition-par-le-benin-du-cerveau-presume-du-putsch-manque-au-niger\/"},"modified":"2021-04-28T15:20:00","modified_gmt":"2021-04-28T19:20:00","slug":"extradition-par-le-benin-du-cerveau-presume-du-putsch-manque-au-niger","status":"publish","type":"post","link":"https:\/\/linitiative.ca\/International\/extradition-par-le-benin-du-cerveau-presume-du-putsch-manque-au-niger\/","title":{"rendered":"EXTRADITION PAR LE BENIN DU CERVEAU PRESUME DU PUTSCH MANQUE AU NIGER"},"content":{"rendered":"<div class=\"featured-area featured-area-inner\">\n<figure class=\"single-featured-image\"><img decoding=\"async\" width=\"780\" height=\"440\" src=\"https:\/\/i2.wp.com\/lepays.bf\/wp-content\/uploads\/2021\/04\/BENIN-3.jpg?resize=780,440&amp;ssl=1\" class=\"attachment-jannah-image-post size-jannah-image-post wp-post-image\" alt=\"\" loading=\"lazy\" srcset=\"https:\/\/i2.wp.com\/lepays.bf\/wp-content\/uploads\/2021\/04\/BENIN-3.jpg?w=780&amp;ssl=1 780w, https:\/\/i2.wp.com\/lepays.bf\/wp-content\/uploads\/2021\/04\/BENIN-3.jpg?resize=300%2C169&amp;ssl=1 300w, https:\/\/i2.wp.com\/lepays.bf\/wp-content\/uploads\/2021\/04\/BENIN-3.jpg?resize=768%2C433&amp;ssl=1 768w, https:\/\/i2.wp.com\/lepays.bf\/wp-content\/uploads\/2021\/04\/BENIN-3.jpg?resize=390%2C220&amp;ssl=1 390w\" sizes=\"auto, (max-width: 780px) 100vw, 780px\"\/><\/figure>\n<\/div>\n<div class=\"entry-content entry clearfix\" readability=\"66\">\n<p class=\"c4\"><em>Il r\u00eavait de devenir pr\u00e9sident de la R\u00e9publique du Niger par la force des armes. Mais mal lui en a pris puisqu\u2019il court le risque de voir sa carri\u00e8re militaire bris\u00e9e. Le capitaine Sani Gourouza,\u00a0 puisque c\u2019est de lui qu\u2019il s\u2019agit, est pr\u00e9sent\u00e9 comme le cerveau de la tentative de coup d\u2019Etat qui, on s\u2019en souvient, avait secou\u00e9 le Niger dans la nuit du 30 au 31 mars 2021 et ce, \u00e0 quelques heures seulement de l\u2019investiture du pr\u00e9sident Mohamed Bazoum. Mis en d\u00e9route par la garde pr\u00e9sidentielle, le capitaine Sani Gourouza et certains de ses lieutenants avaient pris la poudre d\u2019escampette pour se refugier au B\u00e9nin voisin. Mais la cavale n\u2019aura pas dur\u00e9 longtemps. Car, arr\u00eat\u00e9 par les forces de s\u00e9curit\u00e9 b\u00e9ninoises, Sani Gourouza qui \u00e9tait d\u00e9j\u00e0 sous le coup d\u2019un mandat d\u2019arr\u00eat, a \u00e9t\u00e9 remis aux autorit\u00e9s nig\u00e9riennes qui n\u2019ont pas manqu\u00e9 de saluer un bel exemple de coop\u00e9ration entre Niamey et Cotonou. Quoi de plus normal quand on sait qu\u2019une semaine plus tard, un lieutenant et un adjudant \u00e9galement arr\u00eat\u00e9s au B\u00e9nin, avaient \u00e9t\u00e9 extrad\u00e9s dans leur pays d\u2019origine\u00a0?<\/em><\/p>\n<p class=\"c4\"><em>\u00a0<\/em><\/p>\n<p class=\"c6\"><strong><em>Il faut \u00e9viter les proc\u00e8s exp\u00e9ditifs qui frisent les r\u00e8glements de comptes<\/em><\/strong><\/p>\n<p class=\"c4\"><em>\u00a0<\/em><\/p>\n<p class=\"c4\"><em>Ces arrestations qui viennent s\u2019ajouter \u00e0 d\u2019autres, vont-elles contribuer \u00e0 rassurer l\u2019opposition qui, au lendemain du putsch manqu\u00e9, n\u2019avait pas h\u00e9sit\u00e9 \u00e0 parler d\u2019un montage destin\u00e9 \u00e0 \u00ab\u00a0se faire valoir\u00a0\u00bb mais surtout \u00e0 divertir l\u2019opinion nationale et internationale\u00a0? Pas si s\u00fbr d\u2019autant que Mahamane Ousmane,\u00a0 m\u00eame s\u2019il s\u2019est ramolli, n\u2019a toujours pas dig\u00e9r\u00e9 sa d\u00e9faite \u00e0 la derni\u00e8re pr\u00e9sidentielle. Tant et si bien qu\u2019il ne manquera pas, \u00e0 la moindre occasion, de tirer \u00e0 boulets rouges sur le r\u00e9gime de Mohamed Bazoum. Cela dit, pour revenir aux putschistes arr\u00eat\u00e9s, il faut souhaiter que leur soit oppos\u00e9e la rigueur de la loi s\u2019ils sont reconnus coupables \u00e0 l\u2019issue d\u2019un proc\u00e8s \u00e9quitable. Il faut \u00e9viter \u00e0 tout prix les proc\u00e8s exp\u00e9ditifs qui frisent les r\u00e8glements de comptes qui peuvent en rajouter \u00e0 la situation sociopolitique du Niger constamment en proie \u00e0 des attaques terroristes meurtri\u00e8res. Toutefois, quelles que soient les sanctions qui seront prises \u00e0 l\u2019encontre de ces pr\u00e9sum\u00e9s putschistes, force est de reconna\u00eetre que l\u2019arm\u00e9e nig\u00e9rienne vit un profond malaise\u00a0; en t\u00e9moignent ces coups d\u2019Etat \u00e0 la pelle dont la plupart ont \u00e9t\u00e9 d\u00e9jou\u00e9s. En effet, le Niger enregistre en moyenne un coup d\u2019Etat tous les deux ans. Qu\u2019est-ce qui peut expliquer cela\u00a0? C\u2019est une question \u00e0 laquelle le pr\u00e9sident Mohamed Bazoum gagnerait \u00e0 trouver une r\u00e9ponse, le plus rapidement possible.<\/em><\/p>\n<p class=\"c4\"><em>\u00a0<\/em><\/p>\n<p class=\"c6\"><strong><em>B.O<\/em><\/strong><\/p>\n<\/div>\n<p>Auteur: Editions LEPAYS<br \/>\n<a href=\"https:\/\/lepays.bf\/extradition-par-le-benin-du-cerveau-presume-du-putsch-manque-au-niger\/\">Cliquez ici pour lire l&rsquo;article depuis sa source.<\/a><\/p>\n","protected":false},"excerpt":{"rendered":"<p>Il r\u00eavait de devenir pr\u00e9sident de la R\u00e9publique du Niger par la force des armes. Mais mal lui en a pris puisqu\u2019il court le risque de voir sa carri\u00e8re militaire bris\u00e9e. Le capitaine Sani Gourouza,\u00a0 puisque c\u2019est de lui qu\u2019il s\u2019agit, est pr\u00e9sent\u00e9 comme le cerveau de la tentative de coup d\u2019Etat qui, on s\u2019en [&hellip;]<\/p>\n","protected":false},"author":1813,"featured_media":0,"comment_status":"closed","ping_status":"closed","sticky":false,"template":"","format":"standard","meta":{"fifu_image_url":"https:\/\/i2.wp.com\/lepays.bf\/wp-content\/uploads\/2021\/04\/BENIN-3.jpg?resize=780,440&ssl=1","fifu_image_alt":"EXTRADITION PAR LE BENIN DU CERVEAU PRESUME DU PUTSCH MANQUE AU NIGER","footnotes":""},"categories":[73,81],"tags":[],"class_list":["post-115788","post","type-post","status-publish","format-standard","hentry","category-actualite","category-burkina-faso"],"_links":{"self":[{"href":"https:\/\/linitiative.ca\/International\/wp-json\/wp\/v2\/posts\/115788","targetHints":{"allow":["GET"]}}],"collection":[{"href":"https:\/\/linitiative.ca\/International\/wp-json\/wp\/v2\/posts"}],"about":[{"href":"https:\/\/linitiative.ca\/International\/wp-json\/wp\/v2\/types\/post"}],"author":[{"embeddable":true,"href":"https:\/\/linitiative.ca\/International\/wp-json\/wp\/v2\/users\/1813"}],"replies":[{"embeddable":true,"href":"https:\/\/linitiative.ca\/International\/wp-json\/wp\/v2\/comments?post=115788"}],"version-history":[{"count":0,"href":"https:\/\/linitiative.ca\/International\/wp-json\/wp\/v2\/posts\/115788\/revisions"}],"wp:attachment":[{"href":"https:\/\/linitiative.ca\/International\/wp-json\/wp\/v2\/media?parent=115788"}],"wp:term":[{"taxonomy":"category","embeddable":true,"href":"https:\/\/linitiative.ca\/International\/wp-json\/wp\/v2\/categories?post=115788"},{"taxonomy":"post_tag","embeddable":true,"href":"https:\/\/linitiative.ca\/International\/wp-json\/wp\/v2\/tags?post=115788"}],"curies":[{"name":"wp","href":"https:\/\/api.w.org\/{rel}","templated":true}]}}