{"id":115789,"date":"2021-04-28T15:26:07","date_gmt":"2021-04-28T19:26:07","guid":{"rendered":"https:\/\/linitiative.ca\/International\/appel-de-macron-a-un-new-deal-de-financement-de-lafrique\/"},"modified":"2021-04-28T15:26:07","modified_gmt":"2021-04-28T19:26:07","slug":"appel-de-macron-a-un-new-deal-de-financement-de-lafrique","status":"publish","type":"post","link":"https:\/\/linitiative.ca\/International\/appel-de-macron-a-un-new-deal-de-financement-de-lafrique\/","title":{"rendered":"APPEL DE MACRON A UN NEW DEAL DE FINANCEMENT DE L\u2019AFRIQUE"},"content":{"rendered":"<p class=\"c4\"><em>Le pr\u00e9sident fran\u00e7ais, Emmanuel Macron, a appel\u00e9, le 27 avril dernier, \u00e0 un new deal de financement de l\u2019Afrique. Cet appel est intervenu peu avant un d\u00e9je\u00fbner qu\u2019il a offert \u00e0 son homologue de la R\u00e9publique d\u00e9mocratique du Congo, F\u00e9lix Tshisekedi, par ailleurs pr\u00e9sident en exercice de l\u2019Union africaine, et \u00e0 trois semaines de la tenue, le 18 mai prochain, du sommet sur le financement des \u00e9conomies d\u2019Afrique subsaharienne. Si l\u2019on ne peut douter de la pertinence de cette sortie d\u2019Emmanuel Macron, l\u2019on est, cependant, tent\u00e9 de se poser la question suivante\u00a0: \u00e0 qui la faute si les \u00e9conomies africaines se meurent\u00a0? N\u2019est-ce pas l\u2019endettement vertigineux du continent noir que tra\u00eenent les pays africains comme un boulet, qui plombe nos \u00e9conomies? Si la dette qui \u00e9tait en baisse dans les ann\u00e9es 90, est pass\u00e9e de 100 \u00e0 309 milliards de dollars entre 2006 et 2019, et fait craindre aujourd\u2019hui un d\u00e9ficit de financement de 290 milliards de dollars dans les deux prochaines ann\u00e9es, ce n\u2019est certainement pas du simple fait des pays de l\u2019Afrique subsaharienne. Emmanuel Macron a certes mis le doigt sur une plaie b\u00e9ante mais il oublie que son pays est en partie responsable de la pestilence de cette plaie. Il est certes vrai que la mal gouvernance qui est devenue la marque de fabrique de certains pays africains, y est pour quelque chose. Il est aussi vrai que le Covid-19 qui a secou\u00e9 les \u00e9conomies des pays du monde entier pourrait avoir aggrav\u00e9 la situation \u00e9conomique de l\u2019Afrique. Mais ces deux facteurs ne sauraient, \u00e0 eux seuls, justifier ce ralentissement morbide des \u00e9conomies africaines. Si les mati\u00e8res premi\u00e8res africaines \u00e9taient achet\u00e9es \u00e0 juste prix, si les richesses du continent ne faisaient pas l\u2019objet de pillage, si les pr\u00eats \u00e9taient accord\u00e9s \u00e0 l\u2019Afrique dans la transparence et dans des conditions idoines, on n\u2019en serait peut-\u00eatre pas l\u00e0. Cela dit, Emmanuel Macron doit se rendre \u00e0 l\u2019\u00e9vidence que tant que les relations \u00e9conomiques entre l\u2019Afrique et l\u2019Europe ne changeront pas, aucun plan, fut-il un new deal, ne pourra permettre aux \u00e9conomies africaines de prendre leur envol.<\/em><\/p>\n<p class=\"c4\"><em>\u00a0<\/em><\/p>\n<p class=\"c6\"><strong><em>Macron doit d\u2019abord couper le cordon ombilical entre le franc CFA et le Tr\u00e9sor fran\u00e7ais<\/em><\/strong><\/p>\n<p class=\"c4\"><em>\u00a0<\/em><\/p>\n<p class=\"c4\"><em>En tout cas, tant que le continent africain sera per\u00e7u par les Occidentaux comme une vache \u00e0 lait, les \u00e9conomies africaines ne d\u00e9colleront point. Il est certes beau d\u2019appeler \u00e0 un new deal de financement des \u00e9conomies des pays de l\u2019Afrique subsaharienne mais tant que les conditions de financement ne changeront pas, les fruits ne tiendront jamais la promesse des fleurs. Cela dit, la proposition d\u2019un new deal n\u2019est pas mauvaise en soi. Ce d\u2019autant que ce n\u2019est un secret pour personne que les \u00e9conomies africaines, notamment celles des pays de l\u2019Afrique subsaharienne, ont besoin d\u2019un nouveau souffle. Mais il faudrait que ce new deal soit \u00e0 l\u2019image de celui du pr\u00e9sident am\u00e9ricain, Franklin Delano Roosvelt qui, on s\u2019en souvient, avait donn\u00e9 un \u00e9lectrochoc \u00e0 l\u2019\u00e9conomie am\u00e9ricaine et permis ainsi \u00e0 des milliers, pour ne pas dire \u00e0 des millions d\u2019Am\u00e9ricains, de se relever de la grande d\u00e9pression des ann\u00e9es 1930. En clair, si Emmanuel Macron veut sortir les pays de l\u2019Afrique subsaharienne de leur marasme \u00e9conomique, il doit d\u2019abord couper le cordon ombilical entre le franc CFA et le Tr\u00e9sor fran\u00e7ais. Il doit, hic et nunc, r\u00e9duire la boulimie des entreprises fran\u00e7aises qui dictent leur loi aux citoyens pour ne pas dire aux Etats africains. En tout \u00e9tat de cause, il revient aux dirigeants africains d\u2019appr\u00e9cier et d\u2019examiner les contours de ce new deal que le pr\u00e9sident fran\u00e7ais appelle de tous ses v\u0153ux. Il est grand temps que les t\u00eates couronn\u00e9es du continent se montrent plus soucieuses du devenir de leurs peuples.<\/em><\/p>\n<p class=\"c4\"><em>\u00a0<\/em><\/p>\n<p class=\"c6\"><em><strong>Dabadi ZOUMBARA\u00a0\u00a0<\/strong><\/em><\/p>\n<p class=\"c4\"><em>\u00a0<\/em><\/p>\n<p class=\"c4\"><em>\u00a0<\/em><\/p>\n<p>Auteur: Editions LEPAYS<br \/>\n<a href=\"https:\/\/lepays.bf\/appel-de-macron-a-un-new-deal-de-financement-de-lafrique\/\">Cliquez ici pour lire l&rsquo;article depuis sa source.<\/a><\/p>\n","protected":false},"excerpt":{"rendered":"<p>Le pr\u00e9sident fran\u00e7ais, Emmanuel Macron, a appel\u00e9, le 27 avril dernier, \u00e0 un new deal de financement de l\u2019Afrique. Cet appel est intervenu peu avant un d\u00e9je\u00fbner qu\u2019il a offert \u00e0 son homologue de la R\u00e9publique d\u00e9mocratique du Congo, F\u00e9lix Tshisekedi, par ailleurs pr\u00e9sident en exercice de l\u2019Union africaine, et \u00e0 trois semaines de la [&hellip;]<\/p>\n","protected":false},"author":1813,"featured_media":0,"comment_status":"closed","ping_status":"closed","sticky":false,"template":"","format":"standard","meta":{"fifu_image_url":"","fifu_image_alt":"","footnotes":""},"categories":[73,81],"tags":[],"class_list":["post-115789","post","type-post","status-publish","format-standard","hentry","category-actualite","category-burkina-faso"],"_links":{"self":[{"href":"https:\/\/linitiative.ca\/International\/wp-json\/wp\/v2\/posts\/115789","targetHints":{"allow":["GET"]}}],"collection":[{"href":"https:\/\/linitiative.ca\/International\/wp-json\/wp\/v2\/posts"}],"about":[{"href":"https:\/\/linitiative.ca\/International\/wp-json\/wp\/v2\/types\/post"}],"author":[{"embeddable":true,"href":"https:\/\/linitiative.ca\/International\/wp-json\/wp\/v2\/users\/1813"}],"replies":[{"embeddable":true,"href":"https:\/\/linitiative.ca\/International\/wp-json\/wp\/v2\/comments?post=115789"}],"version-history":[{"count":0,"href":"https:\/\/linitiative.ca\/International\/wp-json\/wp\/v2\/posts\/115789\/revisions"}],"wp:attachment":[{"href":"https:\/\/linitiative.ca\/International\/wp-json\/wp\/v2\/media?parent=115789"}],"wp:term":[{"taxonomy":"category","embeddable":true,"href":"https:\/\/linitiative.ca\/International\/wp-json\/wp\/v2\/categories?post=115789"},{"taxonomy":"post_tag","embeddable":true,"href":"https:\/\/linitiative.ca\/International\/wp-json\/wp\/v2\/tags?post=115789"}],"curies":[{"name":"wp","href":"https:\/\/api.w.org\/{rel}","templated":true}]}}