{"id":115795,"date":"2021-04-28T13:18:02","date_gmt":"2021-04-28T17:18:02","guid":{"rendered":"https:\/\/linitiative.ca\/International\/deces-de-6-315-lapins-dans-le-grand-abidjan-suite-a-une-fievre-hemorragique\/"},"modified":"2021-04-28T13:18:02","modified_gmt":"2021-04-28T17:18:02","slug":"deces-de-6-315-lapins-dans-le-grand-abidjan-suite-a-une-fievre-hemorragique","status":"publish","type":"post","link":"https:\/\/linitiative.ca\/International\/deces-de-6-315-lapins-dans-le-grand-abidjan-suite-a-une-fievre-hemorragique\/","title":{"rendered":"D\u00e9c\u00e8s de 6 315 lapins dans le Grand-Abidjan suite \u00e0 une fi\u00e8vre h\u00e9morragique"},"content":{"rendered":"<div readability=\"32\">\n<p>Publi\u00e9 le 28.04.2021 \u00e0 18h18 par APA News<\/p>\n<\/div>\n<div readability=\"58\">\n<p>Le porte-parole du gouvernement ivoirien, Amadou Coulibaly, a annonc\u00e9 mercredi le d\u00e9c\u00e8s, dans le Grand-Abidjan de 6 315 lapins, suite \u00e0 une fi\u00e8vre h\u00e9morragique, \u00e0 l\u2019issue d\u2019un Conseil des ministres.<\/p>\n<p>\u00ab\u00a0Le Conseil a adopt\u00e9 une communication relative \u00e0 l\u2019\u00e9pizootie d\u2019une fi\u00e8vre h\u00e9morragique du lapin dans le Grand-Abidjan, \u00e0 la date du 31 mars 2021. Sur une population nationale estim\u00e9e \u00e0 20.000 lapins, 6.315 morts ont \u00e9t\u00e9 rapport\u00e9s par les \u00e9leveurs\u00a0\u00bb, a indiqu\u00e9 M. Amadou Coulibaly.<\/p>\n<p>Face \u00e0 cette menace sanitaire, dira-t-il, le Conseil a d\u00e9cid\u00e9 de mettre en place une \u00ab\u00a0strat\u00e9gie de lutte d\u2019un co\u00fbt global de 170 millions de Fcfa en vue d\u2019\u00e9radiquer cette maladie\u00a0\u00bb dans la capitale \u00e9conomique ivoirienne et les villes environnantes.<\/p>\n<p>La viande du lapin est tr\u00e8s pris\u00e9e en C\u00f4te d\u2019Ivoire, o\u00f9 des restaurants et des r\u00e9ceptifs h\u00f4teliers proposent des menus au lapin \u00e0 leurs clients. Cette \u00e9pizootie va certainement freiner la commercialisation jusqu\u2019\u00e0 une normalisation de la situation sanitaire.\u00a0<\/p>\n<\/div>\n<p>Auteur: APA News<br \/>\n<a href=\"https:\/\/www.journalducameroun.com\/deces-de-6-315-lapins-dans-le-grand-abidjan-suite-a-une-fievre-hemorragique\/\">Cliquez ici pour lire l&rsquo;article depuis sa source.<\/a><\/p>\n","protected":false},"excerpt":{"rendered":"<p>Publi\u00e9 le 28.04.2021 \u00e0 18h18 par APA News Le porte-parole du gouvernement ivoirien, Amadou Coulibaly, a annonc\u00e9 mercredi le d\u00e9c\u00e8s, dans le Grand-Abidjan de 6 315 lapins, suite \u00e0 une fi\u00e8vre h\u00e9morragique, \u00e0 l\u2019issue d\u2019un Conseil des ministres. \u00ab\u00a0Le Conseil a adopt\u00e9 une communication relative \u00e0 l\u2019\u00e9pizootie d\u2019une fi\u00e8vre h\u00e9morragique du lapin dans le Grand-Abidjan, [&hellip;]<\/p>\n","protected":false},"author":1965,"featured_media":0,"comment_status":"closed","ping_status":"closed","sticky":false,"template":"","format":"standard","meta":{"fifu_image_url":"","fifu_image_alt":"","footnotes":""},"categories":[73,82],"tags":[],"class_list":["post-115795","post","type-post","status-publish","format-standard","hentry","category-actualite","category-cameroun"],"_links":{"self":[{"href":"https:\/\/linitiative.ca\/International\/wp-json\/wp\/v2\/posts\/115795","targetHints":{"allow":["GET"]}}],"collection":[{"href":"https:\/\/linitiative.ca\/International\/wp-json\/wp\/v2\/posts"}],"about":[{"href":"https:\/\/linitiative.ca\/International\/wp-json\/wp\/v2\/types\/post"}],"author":[{"embeddable":true,"href":"https:\/\/linitiative.ca\/International\/wp-json\/wp\/v2\/users\/1965"}],"replies":[{"embeddable":true,"href":"https:\/\/linitiative.ca\/International\/wp-json\/wp\/v2\/comments?post=115795"}],"version-history":[{"count":0,"href":"https:\/\/linitiative.ca\/International\/wp-json\/wp\/v2\/posts\/115795\/revisions"}],"wp:attachment":[{"href":"https:\/\/linitiative.ca\/International\/wp-json\/wp\/v2\/media?parent=115795"}],"wp:term":[{"taxonomy":"category","embeddable":true,"href":"https:\/\/linitiative.ca\/International\/wp-json\/wp\/v2\/categories?post=115795"},{"taxonomy":"post_tag","embeddable":true,"href":"https:\/\/linitiative.ca\/International\/wp-json\/wp\/v2\/tags?post=115795"}],"curies":[{"name":"wp","href":"https:\/\/api.w.org\/{rel}","templated":true}]}}