{"id":115796,"date":"2021-04-28T13:18:02","date_gmt":"2021-04-28T17:18:02","guid":{"rendered":"https:\/\/linitiative.ca\/International\/reprise-des-legislatives-ivoiriennes-dans-6-circonscriptions-le-12-juin-2021\/"},"modified":"2021-04-28T13:18:02","modified_gmt":"2021-04-28T17:18:02","slug":"reprise-des-legislatives-ivoiriennes-dans-6-circonscriptions-le-12-juin-2021","status":"publish","type":"post","link":"https:\/\/linitiative.ca\/International\/reprise-des-legislatives-ivoiriennes-dans-6-circonscriptions-le-12-juin-2021\/","title":{"rendered":"Reprise des l\u00e9gislatives ivoiriennes dans 6 circonscriptions le 12 juin 2021"},"content":{"rendered":"<div readability=\"32\">\n<p>Publi\u00e9 le 28.04.2021 \u00e0 18h18 par APA News<\/p>\n<\/div>\n<div readability=\"82\">\n<p>Le gouvernement ivoirien a approuv\u00e9 mercredi, sur proposition de la Commission \u00e9lectorale ind\u00e9pendante (CEI), la reprise des \u00e9lections l\u00e9gislatives, le 12 juin 2021, dans six circonscriptions, o\u00f9 il y a eu invalidation du scrutin ou d\u00e9c\u00e8s de candidat.<\/p>\n<p>Le Conseil des ministres a convoqu\u00e9 le coll\u00e8ge \u00e9lectoral le samedi 12 juin 2021 pour la reprise des l\u00e9gislatives du 6 mars 2021, suite \u00e0 une invalidation par le Conseil constitutionnel ou un d\u00e9c\u00e8s, a dit le porte-parole du gouvernement, Amadou Coulibaly, \u00e0 la presse.<\/p>\n<p>Le porte-parole du gouvernement ivoirien, Amadou Coulibaly, a pr\u00e9cis\u00e9 que le scrutin se tiendra le samedi 12 juin 2021 de 8h \u00e0 18h (GMT, heure locale), avant d\u2019ajouter que la campagne se d\u00e9roulera sur sept jours, du 4 au 10 juin 2021.<\/p>\n<p>Les circonscriptions \u00e9lectorales vis\u00e9es par l\u2019invalidation du scrutin \u00e0 la suite d\u2019un contentieux sont Gbelo, Gouekan, Koonan, Ouaninou, Saboudougou, Santa communes et sous-pr\u00e9fectures; Atoutou et Jacqueville; Daboyo et Gueyo; Dogbo et Grand-Bereby.<\/p>\n<p>Suite au d\u00e9c\u00e8s du Premier ministre Hamed Bakayoko, \u00e9lu d\u00e9put\u00e9 dans la circonscription \u00e9lectorale de S\u00e9gu\u00e9la (Nord ivoirien), et \u00e0 celui de Hassan Fofana, de Mankono commune et sous-pr\u00e9fecture, la CEI a d\u00e9cid\u00e9 de la reprise du scrutin selon la loi.\u00a0<\/p>\n<p>Ces joutes \u00e9lectorales auront lieu apr\u00e8s, la tenue des l\u00e9gislatives partielles le 24 avril 2021 dans la circonscription de Niakaramandougou-Arikokaha et Tortiya, remport\u00e9es par la candidate du Rhdp (pouvoir), Cath\u00e9rine Kon\u00e9, avec 59,79% des voix.\u00a0<\/p>\n<\/div>\n<p>Auteur: APA News<br \/>\n<a href=\"https:\/\/www.journalducameroun.com\/reprise-des-legislatives-ivoiriennes-dans-6-circonscriptions-le-12-juin-2021\/\">Cliquez ici pour lire l&rsquo;article depuis sa source.<\/a><\/p>\n","protected":false},"excerpt":{"rendered":"<p>Publi\u00e9 le 28.04.2021 \u00e0 18h18 par APA News Le gouvernement ivoirien a approuv\u00e9 mercredi, sur proposition de la Commission \u00e9lectorale ind\u00e9pendante (CEI), la reprise des \u00e9lections l\u00e9gislatives, le 12 juin 2021, dans six circonscriptions, o\u00f9 il y a eu invalidation du scrutin ou d\u00e9c\u00e8s de candidat. Le Conseil des ministres a convoqu\u00e9 le coll\u00e8ge \u00e9lectoral [&hellip;]<\/p>\n","protected":false},"author":1965,"featured_media":0,"comment_status":"closed","ping_status":"closed","sticky":false,"template":"","format":"standard","meta":{"fifu_image_url":"","fifu_image_alt":"","footnotes":""},"categories":[73,82],"tags":[],"class_list":["post-115796","post","type-post","status-publish","format-standard","hentry","category-actualite","category-cameroun"],"_links":{"self":[{"href":"https:\/\/linitiative.ca\/International\/wp-json\/wp\/v2\/posts\/115796","targetHints":{"allow":["GET"]}}],"collection":[{"href":"https:\/\/linitiative.ca\/International\/wp-json\/wp\/v2\/posts"}],"about":[{"href":"https:\/\/linitiative.ca\/International\/wp-json\/wp\/v2\/types\/post"}],"author":[{"embeddable":true,"href":"https:\/\/linitiative.ca\/International\/wp-json\/wp\/v2\/users\/1965"}],"replies":[{"embeddable":true,"href":"https:\/\/linitiative.ca\/International\/wp-json\/wp\/v2\/comments?post=115796"}],"version-history":[{"count":0,"href":"https:\/\/linitiative.ca\/International\/wp-json\/wp\/v2\/posts\/115796\/revisions"}],"wp:attachment":[{"href":"https:\/\/linitiative.ca\/International\/wp-json\/wp\/v2\/media?parent=115796"}],"wp:term":[{"taxonomy":"category","embeddable":true,"href":"https:\/\/linitiative.ca\/International\/wp-json\/wp\/v2\/categories?post=115796"},{"taxonomy":"post_tag","embeddable":true,"href":"https:\/\/linitiative.ca\/International\/wp-json\/wp\/v2\/tags?post=115796"}],"curies":[{"name":"wp","href":"https:\/\/api.w.org\/{rel}","templated":true}]}}