{"id":115797,"date":"2021-04-28T13:18:03","date_gmt":"2021-04-28T17:18:03","guid":{"rendered":"https:\/\/linitiative.ca\/International\/ramaphosa-devant-la-commission-denquete-sur-la-prise-de-controle-de-letat\/"},"modified":"2021-04-28T13:18:03","modified_gmt":"2021-04-28T17:18:03","slug":"ramaphosa-devant-la-commission-denquete-sur-la-prise-de-controle-de-letat","status":"publish","type":"post","link":"https:\/\/linitiative.ca\/International\/ramaphosa-devant-la-commission-denquete-sur-la-prise-de-controle-de-letat\/","title":{"rendered":"Ramaphosa devant la commission d\u2019enqu\u00eate sur la prise de contr\u00f4le de l\u2019\u00c9tat"},"content":{"rendered":"<div readability=\"32\">\n<p>Publi\u00e9 le 28.04.2021 \u00e0 18h18 par APA News<\/p>\n<\/div>\n<div readability=\"80\">\n<p>Le pr\u00e9sident sud-africain, Cyril Ramaphosa, a t\u00e9moign\u00e9 devant la commission d\u2019enqu\u00eate sur \u00ab la prise de contr\u00f4le de l\u2019\u00c9tat \u00bb.Il a fait sa premi\u00e8re apparition ce mercredi devant cette commission pour lui assurer de son soutien en tant que leader du Congr\u00e8s national africain (ANC, au pouvoir).<\/p>\n<p>M. Ramaphosa a d\u00e9clar\u00e9 que son soutien \u00e0 la commission s\u2019inscrit dans le cadre du renforcement de la jeune d\u00e9mocratie du pays, qui a c\u00e9l\u00e9br\u00e9 hier mardi le 27eme anniversaire de la journ\u00e9e de la libert\u00e9.<\/p>\n<p>\u00ab L\u2019ANC a pris cette position (de soutenir la commission) en sachant que l\u2019organisation elle-m\u00eame serait soumise \u00e0 un examen minutieux et que le processus d\u2019examen de ces questions sera difficile et douloureux pour notre parti\u00a0\u00bb, a d\u00e9clar\u00e9 le dirigeant sud-africain.<\/p>\n<p>Il a ajout\u00e9 : \u00ab N\u00e9anmoins, l\u2019ANC maintient que cette commission est n\u00e9cessaire pour l\u2019effort social plus large visant \u00e0 mettre fin \u00e0 toutes les formes de prise de contr\u00f4le de l\u2019\u00c9tat et de corruption dans notre pays \u00bb.<\/p>\n<p>Pour cette raison, il a affirm\u00e9 n\u2019avoir pas cherch\u00e9 \u00e0 excuser l\u2019ANC et \u00e0 d\u00e9fendre l\u2019ind\u00e9fendable.<\/p>\n<p>La comparution tr\u00e8s attendue de M. Ramaphosa devant la commission, qui se d\u00e9roulera en deux parties, devrait porter, entre autres, sur les \u00e9v\u00e9nements survenus pendant son mandat de vice-pr\u00e9sident du parti aupr\u00e8s de l\u2019ancien pr\u00e9sident de l\u2019ANC, Jacob Zuma.<\/p>\n<p>Le pr\u00e9sident de la commission et juge en chef adjoint, Raymond Zondo, a remerci\u00e9 le pr\u00e9sident d\u2019avoir accept\u00e9 de t\u00e9moigner lors de la proc\u00e9dure de mercredi.<\/p>\n<p>\u00ab Monsieur le pr\u00e9sident, nous sommes heureux que vous soyez ici pour repr\u00e9senter le parti au pouvoir. Nous sommes heureux que le pr\u00e9sident du parti soit celui qui vient t\u00e9moigner devant la commission. Je tiens \u00e9galement \u00e0 dire que votre pr\u00e9sence devant cette commission n\u2019est pas le r\u00e9sultat d\u2019une d\u00e9cision prise r\u00e9cemment, mais une d\u00e9cision qui a \u00e9t\u00e9 prise en 2018, comme vous vous en souvenez \u00bb, a d\u00e9clar\u00e9 le juge Zondo.<\/p>\n<\/div>\n<p>Auteur: APA News<br \/>\n<a href=\"https:\/\/www.journalducameroun.com\/ramaphosa-devant-la-commission-denquete-sur-la-prise-de-controle-de-letat\/\">Cliquez ici pour lire l&rsquo;article depuis sa source.<\/a><\/p>\n","protected":false},"excerpt":{"rendered":"<p>Publi\u00e9 le 28.04.2021 \u00e0 18h18 par APA News Le pr\u00e9sident sud-africain, Cyril Ramaphosa, a t\u00e9moign\u00e9 devant la commission d\u2019enqu\u00eate sur \u00ab la prise de contr\u00f4le de l\u2019\u00c9tat \u00bb.Il a fait sa premi\u00e8re apparition ce mercredi devant cette commission pour lui assurer de son soutien en tant que leader du Congr\u00e8s national africain (ANC, au pouvoir). [&hellip;]<\/p>\n","protected":false},"author":1965,"featured_media":0,"comment_status":"closed","ping_status":"closed","sticky":false,"template":"","format":"standard","meta":{"fifu_image_url":"","fifu_image_alt":"","footnotes":""},"categories":[73,82],"tags":[],"class_list":["post-115797","post","type-post","status-publish","format-standard","hentry","category-actualite","category-cameroun"],"_links":{"self":[{"href":"https:\/\/linitiative.ca\/International\/wp-json\/wp\/v2\/posts\/115797","targetHints":{"allow":["GET"]}}],"collection":[{"href":"https:\/\/linitiative.ca\/International\/wp-json\/wp\/v2\/posts"}],"about":[{"href":"https:\/\/linitiative.ca\/International\/wp-json\/wp\/v2\/types\/post"}],"author":[{"embeddable":true,"href":"https:\/\/linitiative.ca\/International\/wp-json\/wp\/v2\/users\/1965"}],"replies":[{"embeddable":true,"href":"https:\/\/linitiative.ca\/International\/wp-json\/wp\/v2\/comments?post=115797"}],"version-history":[{"count":0,"href":"https:\/\/linitiative.ca\/International\/wp-json\/wp\/v2\/posts\/115797\/revisions"}],"wp:attachment":[{"href":"https:\/\/linitiative.ca\/International\/wp-json\/wp\/v2\/media?parent=115797"}],"wp:term":[{"taxonomy":"category","embeddable":true,"href":"https:\/\/linitiative.ca\/International\/wp-json\/wp\/v2\/categories?post=115797"},{"taxonomy":"post_tag","embeddable":true,"href":"https:\/\/linitiative.ca\/International\/wp-json\/wp\/v2\/tags?post=115797"}],"curies":[{"name":"wp","href":"https:\/\/api.w.org\/{rel}","templated":true}]}}