{"id":115798,"date":"2021-04-28T13:36:55","date_gmt":"2021-04-28T17:36:55","guid":{"rendered":"https:\/\/linitiative.ca\/International\/cameroun-larmee-dejoue-une-attaque-de-boko-haram-et-lui-inflige-des-pertes\/"},"modified":"2021-04-28T13:36:55","modified_gmt":"2021-04-28T17:36:55","slug":"cameroun-larmee-dejoue-une-attaque-de-boko-haram-et-lui-inflige-des-pertes","status":"publish","type":"post","link":"https:\/\/linitiative.ca\/International\/cameroun-larmee-dejoue-une-attaque-de-boko-haram-et-lui-inflige-des-pertes\/","title":{"rendered":"Cameroun : l\u2019arm\u00e9e d\u00e9joue une attaque de Boko Haram et lui inflige des pertes"},"content":{"rendered":"<div readability=\"32\">\n<p>Publi\u00e9 le 28.04.2021 \u00e0 18h36 par Journal du Cameroun<\/p>\n<\/div>\n<div readability=\"59\">\n<p class=\"c9\">Les forces de d\u00e9fense et de s\u00e9curit\u00e9 \u00a0ont violement ripost\u00e9 \u00e0 une incursion du groupe djihadistes dans la soir\u00e9e du lundi 26 avril 2021. Le responsable de la communication du minist\u00e8re d\u00e9l\u00e9gu\u00e9 \u00e0 la pr\u00e9sidence charg\u00e9 \u00a0de la D\u00e9fense fait le bilan dans un communiqu\u00e9 publi\u00e9 ce jour.<\/p>\n<p class=\"c9\">\u00ab\u00a0 <em>La localit\u00e9 nig\u00e9riane de Wulgo, non loin de l\u2019arrondissement camerounais de Fotokol tenue par les \u00e9l\u00e9ments des Forces de D\u00e9fense camerounaises dans le cadre des op\u00e9rations de lutte contre la secte terroriste Boko Haram conduites par le secteur n\u00b01 de la Force Multinationale Mixte de la Commission du Bassin du Lac Tchad, a fait l\u2019objet d\u2019une attaque de la secte islamiste Boko Haram dans la soir\u00e9e du lundi 26 avril 2021, attaque men\u00e9e par une horde de combattants lourdement arm\u00e9s et \u00e0 bord de plusieurs v\u00e9hicules tactiques l\u00e9gers. Apr\u00e8s de violents affrontements, les insurg\u00e9s ont \u00e9t\u00e9 mis en d\u00e9route, et plusieurs de leurs armes et \u00e9quipements r\u00e9cup\u00e9r\u00e9<\/em>s\u00a0\u00bb, \u00e9crit dans un communiqu\u00e9 le colonel Cyrille Atonfack.<\/p>\n<p class=\"c9\">Dans le d\u00e9tail, le responsable de la communication au minist\u00e8re de la D\u00e9fense indique qu\u2019aucun mort, ni bless\u00e9 ou encore moins d\u00e9g\u00e2t mat\u00e9riel n\u2019a \u00e9t\u00e9 enregistr\u00e9 du c\u00f4t\u00e9 de l\u2019arm\u00e9e. Or du c\u00f4t\u00e9 ennemi, les pertes sont nombreuses. Il fait savoir \u00a0que plusieurs assaillants ont \u00e9t\u00e9 \u00a0neutralis\u00e9s dont 02 corps abandonn\u00e9s et les autres emport\u00e9s pendant le repli des terroristes\u00a0; 06 v\u00e9hicules tactiques immobilis\u00e9s\u00a0; un important arsenal de guerre, notamment des mitrailleuses lourdes et des fusils d\u2019assaut r\u00e9cup\u00e9r\u00e9s.<\/p>\n<p class=\"c9\">Et pour terminer, le colonel Cyrille Atonfack rassure que les troupes restent en \u00e9tat d\u2019alerte maximale pour continuer \u00e0 faire face aux assauts de l\u2019hydre terroriste Boko Haram dont les men\u00e9es sont r\u00e9currentes.<\/p>\n<\/div>\n<p>Auteur: Christian DJIMADEU<br \/>\n<a href=\"https:\/\/www.journalducameroun.com\/cameroun-larmee-dejoue-une-attaque-de-boko-haram-et-lui-inflige-des-pertes-cameroun\/\">Cliquez ici pour lire l&rsquo;article depuis sa source.<\/a><\/p>\n","protected":false},"excerpt":{"rendered":"<p>Publi\u00e9 le 28.04.2021 \u00e0 18h36 par Journal du Cameroun Les forces de d\u00e9fense et de s\u00e9curit\u00e9 \u00a0ont violement ripost\u00e9 \u00e0 une incursion du groupe djihadistes dans la soir\u00e9e du lundi 26 avril 2021. Le responsable de la communication du minist\u00e8re d\u00e9l\u00e9gu\u00e9 \u00e0 la pr\u00e9sidence charg\u00e9 \u00a0de la D\u00e9fense fait le bilan dans un communiqu\u00e9 publi\u00e9 [&hellip;]<\/p>\n","protected":false},"author":1965,"featured_media":0,"comment_status":"closed","ping_status":"closed","sticky":false,"template":"","format":"standard","meta":{"fifu_image_url":"","fifu_image_alt":"","footnotes":""},"categories":[73,82],"tags":[],"class_list":["post-115798","post","type-post","status-publish","format-standard","hentry","category-actualite","category-cameroun"],"_links":{"self":[{"href":"https:\/\/linitiative.ca\/International\/wp-json\/wp\/v2\/posts\/115798","targetHints":{"allow":["GET"]}}],"collection":[{"href":"https:\/\/linitiative.ca\/International\/wp-json\/wp\/v2\/posts"}],"about":[{"href":"https:\/\/linitiative.ca\/International\/wp-json\/wp\/v2\/types\/post"}],"author":[{"embeddable":true,"href":"https:\/\/linitiative.ca\/International\/wp-json\/wp\/v2\/users\/1965"}],"replies":[{"embeddable":true,"href":"https:\/\/linitiative.ca\/International\/wp-json\/wp\/v2\/comments?post=115798"}],"version-history":[{"count":0,"href":"https:\/\/linitiative.ca\/International\/wp-json\/wp\/v2\/posts\/115798\/revisions"}],"wp:attachment":[{"href":"https:\/\/linitiative.ca\/International\/wp-json\/wp\/v2\/media?parent=115798"}],"wp:term":[{"taxonomy":"category","embeddable":true,"href":"https:\/\/linitiative.ca\/International\/wp-json\/wp\/v2\/categories?post=115798"},{"taxonomy":"post_tag","embeddable":true,"href":"https:\/\/linitiative.ca\/International\/wp-json\/wp\/v2\/tags?post=115798"}],"curies":[{"name":"wp","href":"https:\/\/api.w.org\/{rel}","templated":true}]}}