{"id":115799,"date":"2021-04-28T14:18:02","date_gmt":"2021-04-28T18:18:02","guid":{"rendered":"https:\/\/linitiative.ca\/International\/les-membres-du-gouvernement-ivoirien-signent-une-charte-dethique\/"},"modified":"2021-04-28T14:18:02","modified_gmt":"2021-04-28T18:18:02","slug":"les-membres-du-gouvernement-ivoirien-signent-une-charte-dethique","status":"publish","type":"post","link":"https:\/\/linitiative.ca\/International\/les-membres-du-gouvernement-ivoirien-signent-une-charte-dethique\/","title":{"rendered":"Les membres du gouvernement ivoirien signent une Charte d\u2019\u00e9thique"},"content":{"rendered":"<div readability=\"32\">\n<p>Publi\u00e9 le 28.04.2021 \u00e0 19h18 par APA News<\/p>\n<\/div>\n<div readability=\"57\">\n<p>Les membres du nouveau gouvernement ivoirien, conduit par Patrick Achi, ont sign\u00e9 mercredi une Charte d\u2019\u00e9thique int\u00e9grant entre autres des notions d\u2019int\u00e9grit\u00e9, de solidarit\u00e9 et de bonne gouvernance, lors d\u2019un Conseil des ministres.<\/p>\n<p>\u00ab\u00a0Avant que les travaux du Conseil ne commencent v\u00e9ritablement, nous avons eu une signature de la Charte d\u2019\u00e9thique du nouveau gouvernement (\u2026) et chacun des membres du gouvernement a appos\u00e9 sa signature\u00a0\u00bb, a dit le porte-parole du gouvernement, Amadou Coulibaly.\u00a0<\/p>\n<p>Selon le porte-parole du gouvernement, \u00ab\u00a0c\u2019est une Charte d\u2019\u00e9thique qui \u00e9tablit la relation de confiance\u00a0\u00bb et le comportement \u00e9thique que gouvernement et les ministres doivent avoir envers le peuple, car ils sont \u00ab\u00a0avant tout les serviteurs de la Nation\u00a0\u00bb. \u00a0\u00a0<\/p>\n<p>\u00ab\u00a0Il y a plusieurs lignes qui nous obligent \u00e0 adopter un certain comportement qui va de la solidarit\u00e9 \u00e0 la bonne gouvernance (en passant par) la notion d\u2019int\u00e9grit\u00e9\u00a0\u00bb, a r\u00e9sum\u00e9 M. Coulibaly, \u00e9voquant ainsi \u00ab\u00a0ce \u00e0 quoi les ministres se sont engag\u00e9s aujourd\u2019hui\u00a0\u00bb.\u00a0<\/p>\n<\/div>\n<p>Auteur: APA News<br \/>\n<a href=\"https:\/\/www.journalducameroun.com\/les-membres-du-gouvernement-ivoirien-signent-une-charte-dethique\/\">Cliquez ici pour lire l&rsquo;article depuis sa source.<\/a><\/p>\n","protected":false},"excerpt":{"rendered":"<p>Publi\u00e9 le 28.04.2021 \u00e0 19h18 par APA News Les membres du nouveau gouvernement ivoirien, conduit par Patrick Achi, ont sign\u00e9 mercredi une Charte d\u2019\u00e9thique int\u00e9grant entre autres des notions d\u2019int\u00e9grit\u00e9, de solidarit\u00e9 et de bonne gouvernance, lors d\u2019un Conseil des ministres. \u00ab\u00a0Avant que les travaux du Conseil ne commencent v\u00e9ritablement, nous avons eu une signature [&hellip;]<\/p>\n","protected":false},"author":1965,"featured_media":0,"comment_status":"closed","ping_status":"closed","sticky":false,"template":"","format":"standard","meta":{"fifu_image_url":"","fifu_image_alt":"","footnotes":""},"categories":[73,82],"tags":[],"class_list":["post-115799","post","type-post","status-publish","format-standard","hentry","category-actualite","category-cameroun"],"_links":{"self":[{"href":"https:\/\/linitiative.ca\/International\/wp-json\/wp\/v2\/posts\/115799","targetHints":{"allow":["GET"]}}],"collection":[{"href":"https:\/\/linitiative.ca\/International\/wp-json\/wp\/v2\/posts"}],"about":[{"href":"https:\/\/linitiative.ca\/International\/wp-json\/wp\/v2\/types\/post"}],"author":[{"embeddable":true,"href":"https:\/\/linitiative.ca\/International\/wp-json\/wp\/v2\/users\/1965"}],"replies":[{"embeddable":true,"href":"https:\/\/linitiative.ca\/International\/wp-json\/wp\/v2\/comments?post=115799"}],"version-history":[{"count":0,"href":"https:\/\/linitiative.ca\/International\/wp-json\/wp\/v2\/posts\/115799\/revisions"}],"wp:attachment":[{"href":"https:\/\/linitiative.ca\/International\/wp-json\/wp\/v2\/media?parent=115799"}],"wp:term":[{"taxonomy":"category","embeddable":true,"href":"https:\/\/linitiative.ca\/International\/wp-json\/wp\/v2\/categories?post=115799"},{"taxonomy":"post_tag","embeddable":true,"href":"https:\/\/linitiative.ca\/International\/wp-json\/wp\/v2\/tags?post=115799"}],"curies":[{"name":"wp","href":"https:\/\/api.w.org\/{rel}","templated":true}]}}