{"id":115801,"date":"2021-04-28T12:53:50","date_gmt":"2021-04-28T16:53:50","guid":{"rendered":"https:\/\/linitiative.ca\/International\/la-mairie-de-bafoussam-2e-recherche-850-millions-de-f-pour-amenager-le-lac-baleng\/"},"modified":"2021-04-28T12:53:50","modified_gmt":"2021-04-28T16:53:50","slug":"la-mairie-de-bafoussam-2e-recherche-850-millions-de-f-pour-amenager-le-lac-baleng","status":"publish","type":"post","link":"https:\/\/linitiative.ca\/International\/la-mairie-de-bafoussam-2e-recherche-850-millions-de-f-pour-amenager-le-lac-baleng\/","title":{"rendered":"La mairie de Bafoussam 2e recherche 850 millions de F pour am\u00e9nager le lac Baleng"},"content":{"rendered":"<p>Eco tourisme, valorisation et gestion des sites touristiques, la Commune d\u2019arrondissement de Bafoussam 2\u00e8me dans le d\u00e9partement de la Mifi, r\u00e9gion de l\u2019Ouest, veut donner un nouveau visage au lac Baleng. Ce site d\u2019attraction touristique va b\u00e9n\u00e9ficier dans les prochains jours d\u2019un projet d\u2019am\u00e9nagement qui va contribuer \u00e0 sa transformation en un site touristique de r\u00eave au regard du plan architectural d\u00e9j\u00e0 mis en \u0153uvre par les sp\u00e9cialistes en la mati\u00e8re. Un projet qui, selon les dires du Chef service de d\u00e9veloppement local dans cette Collectivit\u00e9 territoriale d\u00e9centralis\u00e9e, est une volont\u00e9 de Dieudonn\u00e9 L\u00e9vis Kout Kengni, chef de l\u2019ex\u00e9cutif communal de cette municipalit\u00e9. Ce maire du Rassemblement d\u00e9mocratique du peuple camerounais (Rdpc), en fonction depuis les municipales du 9 f\u00e9vrier 2020, a inscrit ce projet parmi les priorit\u00e9s de son quinquennat.<\/p>\n<p><strong>Lire aussi<\/strong> : <strong><a href=\"https:\/\/ecomatin.net\/la-commune-de-bafoussam-2e-va-beneficier-de-3344-millions-dans-le-cadre-du-projets-himo\/\">La commune de Bafoussam 2e va b\u00e9n\u00e9ficier de 334,4 millions dans le cadre du projet Himo<\/a><\/strong><\/p>\n<p>Selon les d\u00e9clarations de Paul Pierre Tchoupon Megui, chef service du d\u00e9veloppement local \u00e0 la Commune d\u2019arrondissement de Bafoussam 2\u00e8me, les d\u00e9fis actuels dans le domaine de la gestion et de l\u2019am\u00e9nagement du territoire sont \u00e9normes. Il s\u2019agit d\u2019une part du renforcement des capacit\u00e9s des acteurs de mise en \u0153uvre dans les nouvelles approches tout en prenant en compte les objectifs de d\u00e9veloppement durables. D\u2019autre part, il s\u2019agit de la viabilisation du site du Lac Baleng ainsi que son espace vert \u00e0 l\u2019\u00e9chelle internationale, \u00e0 travers la signature d\u2019un partenariat dans le cadre de la coop\u00e9ration d\u00e9centralis\u00e9e avec des organismes publics et priv\u00e9s.<\/p>\n<p>Le chef service du d\u00e9veloppement local de cette commune confie que l\u2019am\u00e9nagement de ce site va \u00e0 terme permettre de r\u00e9pondre aux besoins actuels. Il s\u2019agit notamment de l\u2019absence de jalonnement, des voies d\u2019acc\u00e8s impraticables, de l\u2019omnipr\u00e9sence des sites sacrificiels, des parkings, de la rupture de la continuit\u00e9 des marches d\u2019acc\u00e8s, de l\u2019absence de signalisation et de panneaux d\u2019indication, d\u2019am\u00e9nagements pour pratique de la p\u00eache, d\u2019acc\u00e8s pour les personnes \u00e0 mobilit\u00e9 r\u00e9duite, de mobilier de confort, de s\u00e9curit\u00e9 et de salubrit\u00e9, d\u2019une strat\u00e9gie d\u2019entretien de l\u2019espace vert naturel, d\u2019une organisation de veille permanente au niveau de ce lac. Pour cet expert des questions de d\u00e9veloppement local, l\u2019am\u00e9nagement de ce site va permettre \u00e9galement de lutter contre les feux de brousses, tout en cr\u00e9ant un syst\u00e8me de veille permanente pour la protection de ce lac, qui reste un lieu o\u00f9 les rites traditionnels se d\u00e9roulent 4 \u00e0 5 fois par mois. Il s\u2019agit l\u00e0 d\u2019une approche communautaire pour la pr\u00e9servation de l\u2019\u00e9cosyst\u00e8me, d\u2019entretien naturel et de l\u2019espace vert, qui entre dans le cadre des bonnes pratiques.<\/p>\n<p><strong>Lire aussi<\/strong> : <strong><a href=\"https:\/\/ecomatin.net\/communaute-urbaine-de-bafoussam-17-millions-de-f-dexcedent-de-recettes-en-un-an\/\">Communaut\u00e9 urbaine de Bafoussam : 17 millions de F d\u2019exc\u00e9dent de recettes en un an<\/a><\/strong><\/p>\n<p>M\u00eame s\u2019il n\u2019a pas voulu pr\u00e9senter de mani\u00e8re d\u00e9taill\u00e9e les ouvrages \u00e0 r\u00e9aliser sur ce site pour des raisons li\u00e9es \u00e0 la non signature du contrat de financement entre l\u2019initiateur de ce projet et les deux sources de financement potentielles dont le Fonds sp\u00e9cial d\u2019\u00e9quipement et d\u2019intervention intercommunale (Feicom) et la KFW, un \u00e9tablissement de cr\u00e9dit pour la reconstruction bas\u00e9 en Allemagne. Paul Pierre Tchoupon Megui confie que le probl\u00e8me de financement ne se pose plus. Il dit \u00eatre en contact permanent avec les deux potentiels partenaires financiers dans le cadre de ce projet prioritaire \u00e0 l\u2019\u00e9quipe actuelle dans cette municipalit\u00e9, qui va permettre d\u2019avoir un restaurant avec une vue sur le lac et une salle de 700 places pour des c\u00e9r\u00e9monies de toute nature.<\/p>\n<p><strong>Lire aussi<\/strong> : <strong>2 milliards pour r\u00e9habiliter le march\u00e9 central de Bafoussam<\/strong><\/p>\n<p>A la demande de la KFW, une \u00e9quipe du Feicom est annonc\u00e9e sur le site pour les derni\u00e8res \u00e9tudes pr\u00e9alables \u00e0 la signature du contrat de partenariat pour le financement de ce projet. Un autre travail \u00e0 faire actuellement par le service de d\u00e9veloppement local, si l\u2019on s\u2019en tient aux d\u00e9clarations de son chef, est la maturation de ce projet d\u2019un co\u00fbt estimatif de 850 millions de F, g\u00e9n\u00e9rateur de recettes \u00e0 la Commune d\u2019arrondissement de Bafoussam 2\u00e8me.<\/p>\n<p>Auteur: EcoMatin<br \/>\n<a href=\"https:\/\/ecomatin.net\/la-mairie-de-bafoussam-2e-recherche-850-millionss-de-f-pour-amenager-le-lac-baleng\/\">Cliquez ici pour lire l&rsquo;article depuis sa source.<\/a><\/p>\n","protected":false},"excerpt":{"rendered":"<p>Eco tourisme, valorisation et gestion des sites touristiques, la Commune d\u2019arrondissement de Bafoussam 2\u00e8me dans le d\u00e9partement de la Mifi, r\u00e9gion de l\u2019Ouest, veut donner un nouveau visage au lac Baleng. Ce site d\u2019attraction touristique va b\u00e9n\u00e9ficier dans les prochains jours d\u2019un projet d\u2019am\u00e9nagement qui va contribuer \u00e0 sa transformation en un site touristique de [&hellip;]<\/p>\n","protected":false},"author":1969,"featured_media":0,"comment_status":"closed","ping_status":"closed","sticky":false,"template":"","format":"standard","meta":{"fifu_image_url":"","fifu_image_alt":"","footnotes":""},"categories":[82,78],"tags":[],"class_list":["post-115801","post","type-post","status-publish","format-standard","hentry","category-cameroun","category-economie"],"_links":{"self":[{"href":"https:\/\/linitiative.ca\/International\/wp-json\/wp\/v2\/posts\/115801","targetHints":{"allow":["GET"]}}],"collection":[{"href":"https:\/\/linitiative.ca\/International\/wp-json\/wp\/v2\/posts"}],"about":[{"href":"https:\/\/linitiative.ca\/International\/wp-json\/wp\/v2\/types\/post"}],"author":[{"embeddable":true,"href":"https:\/\/linitiative.ca\/International\/wp-json\/wp\/v2\/users\/1969"}],"replies":[{"embeddable":true,"href":"https:\/\/linitiative.ca\/International\/wp-json\/wp\/v2\/comments?post=115801"}],"version-history":[{"count":0,"href":"https:\/\/linitiative.ca\/International\/wp-json\/wp\/v2\/posts\/115801\/revisions"}],"wp:attachment":[{"href":"https:\/\/linitiative.ca\/International\/wp-json\/wp\/v2\/media?parent=115801"}],"wp:term":[{"taxonomy":"category","embeddable":true,"href":"https:\/\/linitiative.ca\/International\/wp-json\/wp\/v2\/categories?post=115801"},{"taxonomy":"post_tag","embeddable":true,"href":"https:\/\/linitiative.ca\/International\/wp-json\/wp\/v2\/tags?post=115801"}],"curies":[{"name":"wp","href":"https:\/\/api.w.org\/{rel}","templated":true}]}}