{"id":115803,"date":"2021-04-28T13:27:36","date_gmt":"2021-04-28T17:27:36","guid":{"rendered":"https:\/\/linitiative.ca\/International\/la-3e-edition-des-awards-de-loapi-est-lancee\/"},"modified":"2021-04-28T13:27:36","modified_gmt":"2021-04-28T17:27:36","slug":"la-3e-edition-des-awards-de-loapi-est-lancee","status":"publish","type":"post","link":"https:\/\/linitiative.ca\/International\/la-3e-edition-des-awards-de-loapi-est-lancee\/","title":{"rendered":"La 3e \u00e9dition des awards de l\u2019Oapi est lanc\u00e9e"},"content":{"rendered":"<p>Qui succ\u00e9dera au S\u00e9n\u00e9gal, au Cameroun et \u00e0 la C\u00f4te d\u2019Ivoire? La course aux awards de la marque OAPI (Organisation africaine de la propri\u00e9t\u00e9 intellectuelle), 3\u00e8me \u00e9dition est officiellement lanc\u00e9e ce 22 avril 2021. La 2\u00e8me \u00e9dition d\u00e9roul\u00e9e en C\u00f4te d\u2019Ivoire sous le th\u00e8me \u00abProt\u00e8ges ta marque et d\u00e9marque toi de la concurrence\u00bb, a en effet connu le sacre de trois entreprises africaines issues des pays membres de l\u2019OAPI. Respectivement l\u2019entreprise \u00abPalisen\u00bb du S\u00e9n\u00e9gal, laur\u00e9ate du \u00abGrand Prix de la marque OAPI\u00bb, avec la marque \u00abAdja\u00bb, Tradex Cameroun, vainqueur dans la cat\u00e9gorie \u00abPrix de la marque r\u00e9gionale\u00bb, et l\u2019entreprise ivoirienne \u00abAtou\u00bb, qui a remport\u00e9 le \u00abPrix du public\u00bb avec la marque \u00abIvorio\u00bb. D\u2019apr\u00e8s Denis Bohoussou, le Directeur g\u00e9n\u00e9ral de l\u2019OAPI, le grand prix Awards de la marque Oapi (cat\u00e9gorie 1) r\u00e9compense l\u2019entreprise d\u2019un \u00c9tat membre dont la marque est fortement distinctive et conna\u00eet un d\u00e9veloppement par une politique d\u2019innovation de son produit ou service. La cat\u00e9gorie 2 du prix baptis\u00e9 le prix de la marque r\u00e9gionale r\u00e9compense l\u2019entreprise d\u2019un Etat membre dont la marque est fortement distinctive et conna\u00eet une expansion sur le march\u00e9 r\u00e9gional Oapi, \u00e0 travers l\u2019exploitation de ses produits ou services. Quant au prix du public class\u00e9 \u00e0 la cat\u00e9gorie 3, il r\u00e9compense la marque d\u2019une entreprise du pays h\u00f4te qui s\u2019impose fortement dans le quotidien des populations locales par la qualit\u00e9 de ses produits ou services.<\/p>\n<p><strong>Lire aussi<\/strong> : <strong><a href=\"https:\/\/ecomatin.net\/loapi-livre-la-9eme-cuvee-detudiants-en-master-en-propriete-intellectuelle\/\">L\u2019OAPI livre la 9\u00e8me cuv\u00e9e d\u2019\u00e9tudiants en Master en propri\u00e9t\u00e9 intellectuelle<\/a><\/strong><\/p>\n<p>La 3\u00e8me \u00e9dition des Awards de l\u2019OAPI pr\u00e9vue \u00e0 Douala est ouverte aux d\u00e9posants et d\u00e9posants potentiels (op\u00e9rateurs \u00e9conomiques, tr\u00e8s petites entreprises, petites entreprises, associations et ONG des \u00c9tats membres), aux chambres de commerce, groupements patronaux etc\u2026.\u00abil s\u2019agit pour les participants de d\u00e9montrer leur savoir-faire, de promouvoir l\u2019utilisation de la marque OAPI pour cr\u00e9er de la valeur ajout\u00e9e au sein de leurs entreprises, et de rendre plus comp\u00e9titifs les produits des petites et moyennes entreprises des \u00c9tats membres\u00bb, a indiqu\u00e9 Magui Nnoko, Coordonnateur des projets \u00e0 l\u2019OAPI. Associ\u00e9 \u00e0 l\u2019organisation de cet \u00e9v\u00e9nement, le Groupement interpatronal du Cameroun (Gicam) qui apporte un appui strat\u00e9gique et technique: \u00abAu Gicam nous pensons que le d\u00e9veloppement et la croissance \u00e9conomique sont intimement li\u00e9s \u00e0 la bonne sant\u00e9 des entreprises. La propri\u00e9t\u00e9 intellectuelle doit \u00eatre au service de la croissance des entreprises, la valorisation des actifis immat\u00e9riels doit \u00eatre le moteur de leur comp\u00e9titivit\u00e9. Mais le syst\u00e8me de protection des droits intellectuels doit aussi \u00eatre efficace pour les entreprises\u00bb, s\u2019est exprim\u00e9 Vincent Kouete, le Directeur ex\u00e9cutif adjoint du Gicam, groupe patronal qui renferme 750 entreprises et une vingtaine d\u2019organisations socio-professionnelles, compos\u00e9 76,8 % du chiffre d\u2019affaires des entreprises modernes au Cameroun, regroupe 54,3% des effectifs d\u2019employ\u00e9s, et contribue \u00e0 hauteur de 70% aux recettes fiscales. Les Awards de l\u2019Oapi visent \u00e9galement \u00e0 faciliter le commerce intra-africain, booster l\u2019investissement, d\u00e9velopper le secteur priv\u00e9 et favoriser l\u2019int\u00e9gration r\u00e9gionale en Afrique.<\/p>\n<p><strong>Lire aussi<\/strong> : <strong><a href=\"https:\/\/ecomatin.net\/distinction-tradex-remporte-le-prix-de-la-marque-regionale-2019-decerne-par-loapi\/\">Distinction : Tradex remporte le prix de la marque r\u00e9gionale 2019 d\u00e9cern\u00e9 par l\u2019OAPI<\/a><\/strong><\/p>\n<p>Les trois laur\u00e9ats de cette \u00e9dition b\u00e9n\u00e9ficieront d\u2019un accompagnement de l\u2019Oapi pour la valorisation de l\u2019exploitation de leurs marques. La valorisation des marques figure en effet parmi les composantes des missions de l\u2019OAPI. Ainsi que la promotion de l\u2019utilisation strat\u00e9gique de la propri\u00e9t\u00e9 intellectuelle, la stimulation de la cr\u00e9ativit\u00e9, ou la valorisation des produits du terroir \u00e0 travers la vulgarisation des indications strat\u00e9giques. Pour cette la 3\u00e8me \u00e9dition, Denis Bohoussou esp\u00e8re d\u00e9passer le nombre de 200 entreprises participantes \u00e0 la 2\u00e8me \u00e9dition d\u00e9roul\u00e9e en C\u00f4te d\u2019Ivoire. 11 entreprises avaient \u00e9t\u00e9 nomin\u00e9es sur les 147 enregistr\u00e9es par l\u2019Oapi. Les Awards de l\u2019Oapi 2020 se tiendront du 13 au 15 mai 2021 \u00e0 Douala. L\u2019\u00e9v\u00e9nement conna\u00eetra un d\u00eener th\u00e9matique intitul\u00e9 \u00abcomment construire la comp\u00e9titivit\u00e9 de l\u2019entreprise dans le contexte de la Zlecaf ?\u00bb, une rencontre entre les chefs d\u2019entreprises autour des probl\u00e9matiques entrepreneuriales, un atelier de formation sur le th\u00e8me \u00abla distinctivit\u00e9 de la marque pour une protection solide des droits\u00bb, puis un rencontre de formation et d\u2019\u00e9changes sur la propri\u00e9t\u00e9 intellectuelle regroupant les entreprises, les mandataires, l\u2019Oapi et le Gicam.<\/p>\n<p><strong>Lire aussi<\/strong> : <strong><a href=\"https:\/\/ecomatin.net\/fonds-proto-les-laureats-recoivent-leurs-recompenses\/\">Fonds proto : les laur\u00e9ats re\u00e7oivent leurs r\u00e9compenses<\/a><\/strong><\/p>\n<p>Auteur: Georges Semey<br \/>\n<a href=\"https:\/\/ecomatin.net\/la-3e-edition-des-awardss-de-loapi-est-lancee\/\">Cliquez ici pour lire l&rsquo;article depuis sa source.<\/a><\/p>\n","protected":false},"excerpt":{"rendered":"<p>Qui succ\u00e9dera au S\u00e9n\u00e9gal, au Cameroun et \u00e0 la C\u00f4te d\u2019Ivoire? La course aux awards de la marque OAPI (Organisation africaine de la propri\u00e9t\u00e9 intellectuelle), 3\u00e8me \u00e9dition est officiellement lanc\u00e9e ce 22 avril 2021. La 2\u00e8me \u00e9dition d\u00e9roul\u00e9e en C\u00f4te d\u2019Ivoire sous le th\u00e8me \u00abProt\u00e8ges ta marque et d\u00e9marque toi de la concurrence\u00bb, a en [&hellip;]<\/p>\n","protected":false},"author":1969,"featured_media":0,"comment_status":"closed","ping_status":"closed","sticky":false,"template":"","format":"standard","meta":{"fifu_image_url":"","fifu_image_alt":"","footnotes":""},"categories":[82,78],"tags":[],"class_list":["post-115803","post","type-post","status-publish","format-standard","hentry","category-cameroun","category-economie"],"_links":{"self":[{"href":"https:\/\/linitiative.ca\/International\/wp-json\/wp\/v2\/posts\/115803","targetHints":{"allow":["GET"]}}],"collection":[{"href":"https:\/\/linitiative.ca\/International\/wp-json\/wp\/v2\/posts"}],"about":[{"href":"https:\/\/linitiative.ca\/International\/wp-json\/wp\/v2\/types\/post"}],"author":[{"embeddable":true,"href":"https:\/\/linitiative.ca\/International\/wp-json\/wp\/v2\/users\/1969"}],"replies":[{"embeddable":true,"href":"https:\/\/linitiative.ca\/International\/wp-json\/wp\/v2\/comments?post=115803"}],"version-history":[{"count":0,"href":"https:\/\/linitiative.ca\/International\/wp-json\/wp\/v2\/posts\/115803\/revisions"}],"wp:attachment":[{"href":"https:\/\/linitiative.ca\/International\/wp-json\/wp\/v2\/media?parent=115803"}],"wp:term":[{"taxonomy":"category","embeddable":true,"href":"https:\/\/linitiative.ca\/International\/wp-json\/wp\/v2\/categories?post=115803"},{"taxonomy":"post_tag","embeddable":true,"href":"https:\/\/linitiative.ca\/International\/wp-json\/wp\/v2\/tags?post=115803"}],"curies":[{"name":"wp","href":"https:\/\/api.w.org\/{rel}","templated":true}]}}